{"id":85496,"date":"2016-05-03T10:22:16","date_gmt":"2016-05-03T13:22:16","guid":{"rendered":"http:\/\/www.redenoticia.com.br\/noticia\/?p=85496"},"modified":"2016-05-02T19:23:14","modified_gmt":"2016-05-02T22:23:14","slug":"imposto-para-a-compra-de-moeda-estrangeira-sobe-de-038-para-11","status":"publish","type":"post","link":"https:\/\/migracao.redenoticia.com.br\/noticia\/2016\/imposto-para-a-compra-de-moeda-estrangeira-sobe-de-038-para-11\/85496","title":{"rendered":"Imposto para a compra de moeda estrangeira sobe de 0,38% para 1,1%"},"content":{"rendered":"<p> O governo elevou o <strong><em>imposto incidente sobre as opera\u00e7\u00f5es de c\u00e2mbio<\/em><\/strong> para aquisi\u00e7\u00e3o de moeda estrangeira em esp\u00e9cie, que passa de 0,38% para 1,1%. O decreto com a altera\u00e7\u00e3o no Imposto sobre Opera\u00e7\u00f5es de Cr\u00e9dito, C\u00e2mbio e Seguro, ou relativas a T\u00edtulos ou Valores Mobili\u00e1rios (IOF) foi publicado no Di\u00e1rio Oficial da Uni\u00e3o.<\/p>\n<p>Os demais instrumentos utilizados para a aquisi\u00e7\u00e3o de bens e servi\u00e7os no exterior, como cart\u00e3o de cr\u00e9dito, de d\u00e9bito ou pr\u00e9-pago, permanecem com al\u00edquota de 6,38%. O aumento na arrecada\u00e7\u00e3o anual est\u00e1 estimado em R$ 2,377 bilh\u00f5es.<\/p>\n<p>Fernando Mombelli, Coordenador-Geral de Tributa\u00e7\u00e3o da Receita Federal, disse que a medida tenta alinhar a tributa\u00e7\u00e3o do IOF em rela\u00e7\u00e3o a outros instrumentos equivalentes nas opera\u00e7\u00f5es com moeda estrangeira. A medida vale sobre os contratos liquidados a partir desta ter\u00e7a-feira (3).<\/p>\n<p>Mombelli disse que n\u00e3o acredita em uma corrida \u00e0s corretoras para realizar a aquisi\u00e7\u00e3o de moeda estrangeira no dia de hoje devido \u00e0s mudan\u00e7as.<\/p>\n<p>Al\u00e9m dessa mudan\u00e7a, o decreto esclareceu, tamb\u00e9m, entre outras coisas, al\u00edquota zero de Imposto Sobre Opera\u00e7\u00f5es Financeiras (IOF) &#8220;nas liquida\u00e7\u00f5es de opera\u00e7\u00f5es simult\u00e2neas de c\u00e2mbio para ingresso de recursos no pa\u00eds, origin\u00e1rias da mudan\u00e7a de regime do investidor estrangeiro, de investimento direto para investimento em a\u00e7\u00f5es negoci\u00e1veis em bolsa de valores, na forma regulamentada pelo Conselho Monet\u00e1rio Nacional&#8221; e conforme a Lei n\u00ba 4.131. A lei disciplina a aplica\u00e7\u00e3o do capital estrangeiro e as remessas de valores para o exterior.<\/p>\n<p>Daniel Lima &#8211; Rep\u00f3rter da Ag\u00eancia Brasil<br \/>\nEdi\u00e7\u00e3o: Kleber Sampaio<br \/>\n03\/05\/2016<\/p>\n","protected":false},"excerpt":{"rendered":"<p>O governo elevou o imposto incidente sobre as opera\u00e7\u00f5es de c\u00e2mbio para aquisi\u00e7\u00e3o de moeda estrangeira em esp\u00e9cie, que passa de 0,38% para 1,1%. O decreto com a altera\u00e7\u00e3o no Imposto sobre Opera\u00e7\u00f5es de Cr\u00e9dito, C\u00e2mbio e Seguro, ou relativas a T\u00edtulos ou Valores Mobili\u00e1rios (IOF) foi publicado no Di\u00e1rio Oficial da Uni\u00e3o. Os demais [&hellip;]<\/p>\n","protected":false},"author":2,"featured_media":57582,"comment_status":"open","ping_status":"closed","sticky":false,"template":"","format":"standard","meta":{"tdm_status":"","tdm_grid_status":"","footnotes":""},"categories":[22,7],"tags":[],"class_list":{"0":"post-85496","1":"post","2":"type-post","3":"status-publish","4":"format-standard","5":"has-post-thumbnail","7":"category-brasil","8":"category-economia"},"_links":{"self":[{"href":"https:\/\/migracao.redenoticia.com.br\/noticia\/wp-json\/wp\/v2\/posts\/85496","targetHints":{"allow":["GET"]}}],"collection":[{"href":"https:\/\/migracao.redenoticia.com.br\/noticia\/wp-json\/wp\/v2\/posts"}],"about":[{"href":"https:\/\/migracao.redenoticia.com.br\/noticia\/wp-json\/wp\/v2\/types\/post"}],"author":[{"embeddable":true,"href":"https:\/\/migracao.redenoticia.com.br\/noticia\/wp-json\/wp\/v2\/users\/2"}],"replies":[{"embeddable":true,"href":"https:\/\/migracao.redenoticia.com.br\/noticia\/wp-json\/wp\/v2\/comments?post=85496"}],"version-history":[{"count":0,"href":"https:\/\/migracao.redenoticia.com.br\/noticia\/wp-json\/wp\/v2\/posts\/85496\/revisions"}],"wp:featuredmedia":[{"embeddable":true,"href":"https:\/\/migracao.redenoticia.com.br\/noticia\/wp-json\/wp\/v2\/media\/57582"}],"wp:attachment":[{"href":"https:\/\/migracao.redenoticia.com.br\/noticia\/wp-json\/wp\/v2\/media?parent=85496"}],"wp:term":[{"taxonomy":"category","embeddable":true,"href":"https:\/\/migracao.redenoticia.com.br\/noticia\/wp-json\/wp\/v2\/categories?post=85496"},{"taxonomy":"post_tag","embeddable":true,"href":"https:\/\/migracao.redenoticia.com.br\/noticia\/wp-json\/wp\/v2\/tags?post=85496"}],"curies":[{"name":"wp","href":"https:\/\/api.w.org\/{rel}","templated":true}]}}