{"id":8552,"date":"2009-08-13T15:32:45","date_gmt":"2009-08-13T19:32:45","guid":{"rendered":"http:\/\/www.redenoticia.com.br\/noticia\/?p=8552"},"modified":"2009-08-13T15:32:45","modified_gmt":"2009-08-13T19:32:45","slug":"pdt-muda-comando-em-porto-velho-rondonia","status":"publish","type":"post","link":"https:\/\/migracao.redenoticia.com.br\/noticia\/2009\/pdt-muda-comando-em-porto-velho-rondonia\/8552","title":{"rendered":"PDT muda comando em Porto Velho (Rond\u00f4nia)"},"content":{"rendered":"<p>O Partido Democr\u00e1tico Trabalhista \u2013 PDT reuniu no final da tarde dessa\u00a0\u00a0quarta-feira (12), onde o ent\u00e3o presidente da municipal Provis\u00f3ria\/Porto Velho, Ruy Parra Motta, anunciou que estava abrindo m\u00e3o do cargo devido o ac\u00famulo de compromissos assumidos como Superintendente Regional do Trabalho e Emprego em Rond\u00f4nia\u00a0\u00a0e vice-presidente da Regional do PDT. \u201c Acredito que \u00e9 o momento de deixar que pessoas comprometidas com o Partido assumam a Provis\u00f3ria de Porto Velho, para realizar um trabalho , que \u00e9 mais que urgente, com vistas a elei\u00e7\u00f5es do pr\u00f3ximo ano\u201d.<\/p>\n<p>Por unanimidade foi escolhido para assumir a presid\u00eancia da Provis\u00f3ria Municipal de Porto Velho do Partido, o hist\u00f3rico quadro da sigla fundada por Leonel Brizola, o professor M\u00e1rio Jorge, conhecido pelo longo trabalho na \u00e1rea sindical do Estado e v\u00e1rios mandatos de vereador, alem de ter j\u00e1 ocupado o cargo de secret\u00e1rio municipal de Educa\u00e7\u00e3o.<\/p>\n<p>A reuni\u00e3o foi marcada por um clima de harmonia entre\u00a0\u00a0os pedetistas\u00a0que acordaram que era o momento de unir for\u00e7as para construir um Partido forte,como o PDT sempre foi, e disputar de forma decisiva as pr\u00f3ximas elei\u00e7\u00f5es buscando dar um novo norte na pol\u00edtica de Rond\u00f4nia na busca de brecar o \u201cpersonalismo\u201d que hoje dirige o Estado causando um preju\u00edzo incalcul\u00e1vel para a democracia e at\u00e9 para o desenvolvimento econ\u00f4mico de Rond\u00f4nia.<\/p>\n<p>Na reuni\u00e3o foi formada a Comiss\u00e3o Provis\u00f3ria Municipal que j\u00e1 marcou um encontro nas depend\u00eancias do Sindsef\u00a0j\u00e1 nessa quinta-feira para deliberar uma agenda que vai direcionar as a\u00e7\u00f5es do PDT em Porto Velho. Inclusive, essa agenda ser\u00e1 apresentada ao Partido numa reuni\u00e3o ampliada que acontecer\u00e1 no pr\u00f3ximo s\u00e1bado,\u00a0\u00a0no audit\u00f3rio da empresa de \u00f4nibus Eucatur, na av. Jorge Teixeira,\u00a0\u00a0\u00a0a partir das 9 horas, que contar\u00e1 com a presen\u00e7a do senador diplomado Acir Gurcacz que na ocasi\u00e3o abonar\u00e1 fichas de novos filiados, lideran\u00e7as significas no Estado de Rond\u00f4nia, como a presidente da Col\u00f4nia de Pescadores do munic\u00edpio de Porto Velho, a Z1, a\u00a0senhora\u00a0\u00a0Marina .<\/p>\n<p>A reuni\u00e3o contou com a presen\u00e7a de personalidades pol\u00edticas do PDT como o ex-deputado e ex-prefeito de Guajar\u00e1 Mirim, Ded\u00e9 de Melo, o ex-deputado Edison Gazoni e o secret\u00e1rio municipal Jair Ramires.<\/p>\n<p>Ruy Motta encerrou a reuni\u00e3o agradecendo a presen\u00e7a de todos e dizendo est\u00e1 convicto de que cumpriu sua miss\u00e3o enquanto presidente da Provis\u00f3ria Municipal de Porto Velho do PDT e convocou todos para a reuni\u00e3o ampliada de s\u00e1bado, \u00e0s 9 horas, no audit\u00f3rio da empresa de \u00f4nibus Eucatur, que contar\u00e1 com a presen\u00e7a do presidente regional do Partido, o empres\u00e1rio Acir Gurcacz.<\/p>\n<p>Assessoria do PDT<\/p>\n","protected":false},"excerpt":{"rendered":"<p>O Partido Democr\u00e1tico Trabalhista \u2013 PDT reuniu no final da tarde dessa\u00a0\u00a0quarta-feira (12), onde o ent\u00e3o presidente da municipal Provis\u00f3ria\/Porto Velho, Ruy Parra Motta, anunciou que estava abrindo m\u00e3o do cargo devido o ac\u00famulo de compromissos assumidos como Superintendente Regional do Trabalho e Emprego em Rond\u00f4nia\u00a0\u00a0e vice-presidente da Regional do PDT. \u201c Acredito que \u00e9 [&hellip;]<\/p>\n","protected":false},"author":2,"featured_media":0,"comment_status":"open","ping_status":"open","sticky":false,"template":"","format":"standard","meta":{"tdm_status":"","tdm_grid_status":"","footnotes":""},"categories":[22],"tags":[],"class_list":{"0":"post-8552","1":"post","2":"type-post","3":"status-publish","4":"format-standard","6":"category-brasil"},"_links":{"self":[{"href":"https:\/\/migracao.redenoticia.com.br\/noticia\/wp-json\/wp\/v2\/posts\/8552","targetHints":{"allow":["GET"]}}],"collection":[{"href":"https:\/\/migracao.redenoticia.com.br\/noticia\/wp-json\/wp\/v2\/posts"}],"about":[{"href":"https:\/\/migracao.redenoticia.com.br\/noticia\/wp-json\/wp\/v2\/types\/post"}],"author":[{"embeddable":true,"href":"https:\/\/migracao.redenoticia.com.br\/noticia\/wp-json\/wp\/v2\/users\/2"}],"replies":[{"embeddable":true,"href":"https:\/\/migracao.redenoticia.com.br\/noticia\/wp-json\/wp\/v2\/comments?post=8552"}],"version-history":[{"count":0,"href":"https:\/\/migracao.redenoticia.com.br\/noticia\/wp-json\/wp\/v2\/posts\/8552\/revisions"}],"wp:attachment":[{"href":"https:\/\/migracao.redenoticia.com.br\/noticia\/wp-json\/wp\/v2\/media?parent=8552"}],"wp:term":[{"taxonomy":"category","embeddable":true,"href":"https:\/\/migracao.redenoticia.com.br\/noticia\/wp-json\/wp\/v2\/categories?post=8552"},{"taxonomy":"post_tag","embeddable":true,"href":"https:\/\/migracao.redenoticia.com.br\/noticia\/wp-json\/wp\/v2\/tags?post=8552"}],"curies":[{"name":"wp","href":"https:\/\/api.w.org\/{rel}","templated":true}]}}