{"id":85530,"date":"2016-05-03T15:25:28","date_gmt":"2016-05-03T18:25:28","guid":{"rendered":"http:\/\/www.redenoticia.com.br\/noticia\/?p=85530"},"modified":"2016-05-03T15:25:28","modified_gmt":"2016-05-03T18:25:28","slug":"novela-chamas-da-vida-resumo-0405-delegado-atira-na-perna-de-lipe","status":"publish","type":"post","link":"https:\/\/migracao.redenoticia.com.br\/noticia\/2016\/novela-chamas-da-vida-resumo-0405-delegado-atira-na-perna-de-lipe\/85530","title":{"rendered":"Novela \u201cChamas da Vida\u201d resumo 04\/05: delegado atira na perna de Lipe"},"content":{"rendered":"<p> <img loading=\"lazy\" decoding=\"async\" class=\"alignleft size-thumbnail wp-image-82020\" src=\"https:\/\/migracao.redenoticia.com.br\/noticia\/imagens\/chamas_da_vida_resumo_novela-150x112.jpeg\" alt=\"chamas_da_vida_resumo_novela\" width=\"150\" height=\"112\" \/><strong><em>Novela \u201cChamas da Vida\u201d resumo 04\/05<\/em><\/strong>: Xavier diz a Ant\u00f3nio que n\u00e3o tem nenhum sinal de Lipe nos vag\u00f5es. Enquanto isso, Lipe descobre o quarto de Vivi e caminha nervoso. Pedro conversa com o pol\u00edcia e Lipe tenta passar por eles. Fausto reconhece Lipe e o manda parar. Lipe corre, tenta saltar um muro e o delegado atira nas suas pernas Lipe \u00e9 atingido, corre arrastando a perna e rouba um carro. Ant\u00f4nio fica irritado porque n\u00e3o apanhou Lipe.<\/p>\n<p>No capitulo 131 (*), novela \u201cChamas da Vida\u201d, quarta-feira, 04 de maio \u2013 Vilma fica assustada. Carolina pergunta qual \u00e9 o espanto. Vilma diz-lhe que lamenta a morte de Walter, mas jura que n\u00e3o foi ela quem o matou pois seria muito \u00f3bvio tentar alguma coisa contra Arlete. Carolina diz que esta \u00e9 uma \u00f3ptima defesa. Carolina diz que n\u00e3o quer ouvir explica\u00e7\u00f5es de Vilma. Vilma diz que ela est\u00e1 a ser injusta. Xavier diz a Ant\u00f3nio que n\u00e3o tem nenhum sinal de Lipe nos vag\u00f5es. Lipe descobre o quarto de Vivi. Andressa discute com Margareth porque ela deixou Demor\u00f4 ir com Vivi \u00e0 cl\u00ednica. <\/p>\n<p>Margareth diz que Demoro foi contra a vontade dela. Lipe caminha nervoso. Pedro conversa com o pol\u00edcia. Lipe tenta passar por eles. Fausto reconhece Lipe. O pol\u00edcia agarra na arma e manda Lipe parar. Lipe sai a correr. Xavier avisa que Lipe est\u00e1 na cl\u00ednica. Ant\u00f3nio corre para o encontrar. Lipe tenta saltar um muro. O delegado atira \u00e0s pernas de Lipe. Lipe corre arrastando a perna e rouba um carro. Ant\u00f4nio fica irritado porque n\u00e3o apanhou Lipe. Andressa diz que Demor\u00f4 vai para a casa dela. <\/p>\n<p>Margareth diz que vai lutar pelo filho. Beatriz diz para Ivonete dar uma oportunidade a Tom\u00e1s. Pedro diz que Vivi fez o aborto, mas agora Lipe pode querer seq\u00fcestr\u00e1-la. Demoro diz a Andressa e a Margareth que elas n\u00e3o t\u00eam que lutar. Andressa diz que quer Demor\u00f4 de volta a casa dela. Carolina conversa com Vivi ao telefone, que diz que deu tudo certo. Tom\u00e1s encontra Ivonete e diz que precisa conversar com ela.<\/p>\n<p>(*) edi\u00e7\u00e3o da Rede Record, Novela \u201cChamas da Vida\u201d, sujeito a altera\u00e7\u00e3o de data e conte\u00fado.<\/p>\n","protected":false},"excerpt":{"rendered":"<p>Novela \u201cChamas da Vida\u201d resumo 04\/05: Xavier diz a Ant\u00f3nio que n\u00e3o tem nenhum sinal de Lipe nos vag\u00f5es. Enquanto isso, Lipe descobre o quarto de Vivi e caminha nervoso. Pedro conversa com o pol\u00edcia e Lipe tenta passar por eles. Fausto reconhece Lipe e o manda parar. Lipe corre, tenta saltar um muro e [&hellip;]<\/p>\n","protected":false},"author":2,"featured_media":82020,"comment_status":"open","ping_status":"closed","sticky":false,"template":"","format":"standard","meta":{"tdm_status":"","tdm_grid_status":"","footnotes":""},"categories":[379,371,343],"tags":[441],"class_list":{"0":"post-85530","1":"post","2":"type-post","3":"status-publish","4":"format-standard","5":"has-post-thumbnail","7":"category-novelas","8":"category-rede-record","9":"category-televisao","10":"tag-resumo-do-dia"},"_links":{"self":[{"href":"https:\/\/migracao.redenoticia.com.br\/noticia\/wp-json\/wp\/v2\/posts\/85530","targetHints":{"allow":["GET"]}}],"collection":[{"href":"https:\/\/migracao.redenoticia.com.br\/noticia\/wp-json\/wp\/v2\/posts"}],"about":[{"href":"https:\/\/migracao.redenoticia.com.br\/noticia\/wp-json\/wp\/v2\/types\/post"}],"author":[{"embeddable":true,"href":"https:\/\/migracao.redenoticia.com.br\/noticia\/wp-json\/wp\/v2\/users\/2"}],"replies":[{"embeddable":true,"href":"https:\/\/migracao.redenoticia.com.br\/noticia\/wp-json\/wp\/v2\/comments?post=85530"}],"version-history":[{"count":0,"href":"https:\/\/migracao.redenoticia.com.br\/noticia\/wp-json\/wp\/v2\/posts\/85530\/revisions"}],"wp:featuredmedia":[{"embeddable":true,"href":"https:\/\/migracao.redenoticia.com.br\/noticia\/wp-json\/wp\/v2\/media\/82020"}],"wp:attachment":[{"href":"https:\/\/migracao.redenoticia.com.br\/noticia\/wp-json\/wp\/v2\/media?parent=85530"}],"wp:term":[{"taxonomy":"category","embeddable":true,"href":"https:\/\/migracao.redenoticia.com.br\/noticia\/wp-json\/wp\/v2\/categories?post=85530"},{"taxonomy":"post_tag","embeddable":true,"href":"https:\/\/migracao.redenoticia.com.br\/noticia\/wp-json\/wp\/v2\/tags?post=85530"}],"curies":[{"name":"wp","href":"https:\/\/api.w.org\/{rel}","templated":true}]}}