{"id":85534,"date":"2016-05-03T19:33:36","date_gmt":"2016-05-03T22:33:36","guid":{"rendered":"http:\/\/www.redenoticia.com.br\/noticia\/?p=85534"},"modified":"2016-05-03T15:37:12","modified_gmt":"2016-05-03T18:37:12","slug":"novela-sila-resumo-0405-narin-se-encontra-com-boran","status":"publish","type":"post","link":"https:\/\/migracao.redenoticia.com.br\/noticia\/2016\/novela-sila-resumo-0405-narin-se-encontra-com-boran\/85534","title":{"rendered":"Novela \u201cSila\u201d resumo 04\/05: Narin se encontra com Boran"},"content":{"rendered":"<p> <img loading=\"lazy\" decoding=\"async\" class=\"alignleft size-thumbnail wp-image-83098\" src=\"https:\/\/migracao.redenoticia.com.br\/noticia\/imagens\/sila_band_novela_resumo_capitulo-150x112.jpg\" alt=\"sila_band_novela_resumo_capitulo\" width=\"150\" height=\"112\" srcset=\"https:\/\/migracao.redenoticia.com.br\/noticia\/imagens\/sila_band_novela_resumo_capitulo-150x112.jpg 150w, https:\/\/migracao.redenoticia.com.br\/noticia\/imagens\/sila_band_novela_resumo_capitulo-265x198.jpg 265w\" sizes=\"auto, (max-width: 150px) 100vw, 150px\" \/><strong><em> Novela \u201cSila\u201d resumo 04\/05<\/em><\/strong>: Boran chegou em Istambul com a miss\u00e3o de matar Emre e sua irm\u00e3, Narim. Preocupada com a situa\u00e7\u00e3o, Narin toma coragem, foge e se encontra com seu irm\u00e3o, Boran. Ele desabafa e amea\u00e7a mat\u00e1-la, mas Sila liga bem na hora e Boran desiste da atrocidade. Dihan finge que compreende o ato e diz que apoia a decis\u00e3o de Boran. Ap\u00f3s o encontro, Narin afirma a Sila que Boran a ama.<\/p>\n<p>No capitulo 032 (*), novela \u201cSila\u201d, quarta-feira, 04 de maio \u2013  Sila descobre que est\u00e1 gr\u00e1vida, mas n\u00e3o conta a ningu\u00e9m. Boran arma um plano para entrar na casa de Sila. Celil sai do hospital e diz que n\u00e3o vai matar os pr\u00f3prios filhos. <\/p>\n<p>Narin foge e se encontra com Boran. Ele amea\u00e7a mat\u00e1-la, mas Sila liga bem na hora e ele desiste. Dihan diz que apoia a decis\u00e3o de Boran. Narin diz a Sila que Boran a ama. Bedar descobre a gravidez de Sila.<\/p>\n<p>Azad come\u00e7a a trabalhar na empresa de Sila e fica deslumbrado com a riqueza e o poder. O pai de Emre coloca detetives para vigiar Boran. Narin liga para a m\u00e3e e \u00e9 rejeitada por ela. Sila diz \u00e0 m\u00e3e que n\u00e3o pode ter o beb\u00ea.<\/p>\n<p>(*) edi\u00e7\u00e3o da Band, Novela \u201cSila\u201d, sujeito a altera\u00e7\u00e3o de data e conte\u00fado.<\/p>\n","protected":false},"excerpt":{"rendered":"<p>Novela \u201cSila\u201d resumo 04\/05: Boran chegou em Istambul com a miss\u00e3o de matar Emre e sua irm\u00e3, Narim. Preocupada com a situa\u00e7\u00e3o, Narin toma coragem, foge e se encontra com seu irm\u00e3o, Boran. Ele desabafa e amea\u00e7a mat\u00e1-la, mas Sila liga bem na hora e Boran desiste da atrocidade. Dihan finge que compreende o ato [&hellip;]<\/p>\n","protected":false},"author":2,"featured_media":83098,"comment_status":"open","ping_status":"closed","sticky":false,"template":"","format":"standard","meta":{"tdm_status":"","tdm_grid_status":"","footnotes":""},"categories":[390,379,343],"tags":[441],"class_list":{"0":"post-85534","1":"post","2":"type-post","3":"status-publish","4":"format-standard","5":"has-post-thumbnail","7":"category-band","8":"category-novelas","9":"category-televisao","10":"tag-resumo-do-dia"},"_links":{"self":[{"href":"https:\/\/migracao.redenoticia.com.br\/noticia\/wp-json\/wp\/v2\/posts\/85534","targetHints":{"allow":["GET"]}}],"collection":[{"href":"https:\/\/migracao.redenoticia.com.br\/noticia\/wp-json\/wp\/v2\/posts"}],"about":[{"href":"https:\/\/migracao.redenoticia.com.br\/noticia\/wp-json\/wp\/v2\/types\/post"}],"author":[{"embeddable":true,"href":"https:\/\/migracao.redenoticia.com.br\/noticia\/wp-json\/wp\/v2\/users\/2"}],"replies":[{"embeddable":true,"href":"https:\/\/migracao.redenoticia.com.br\/noticia\/wp-json\/wp\/v2\/comments?post=85534"}],"version-history":[{"count":0,"href":"https:\/\/migracao.redenoticia.com.br\/noticia\/wp-json\/wp\/v2\/posts\/85534\/revisions"}],"wp:featuredmedia":[{"embeddable":true,"href":"https:\/\/migracao.redenoticia.com.br\/noticia\/wp-json\/wp\/v2\/media\/83098"}],"wp:attachment":[{"href":"https:\/\/migracao.redenoticia.com.br\/noticia\/wp-json\/wp\/v2\/media?parent=85534"}],"wp:term":[{"taxonomy":"category","embeddable":true,"href":"https:\/\/migracao.redenoticia.com.br\/noticia\/wp-json\/wp\/v2\/categories?post=85534"},{"taxonomy":"post_tag","embeddable":true,"href":"https:\/\/migracao.redenoticia.com.br\/noticia\/wp-json\/wp\/v2\/tags?post=85534"}],"curies":[{"name":"wp","href":"https:\/\/api.w.org\/{rel}","templated":true}]}}