{"id":85546,"date":"2016-05-03T18:07:08","date_gmt":"2016-05-03T21:07:08","guid":{"rendered":"http:\/\/www.redenoticia.com.br\/noticia\/?p=85546"},"modified":"2016-05-03T16:11:24","modified_gmt":"2016-05-03T19:11:24","slug":"novela-meu-coracao-e-teu-resumo-0405-jennifer-se-casa-com-nicolas","status":"publish","type":"post","link":"https:\/\/migracao.redenoticia.com.br\/noticia\/2016\/novela-meu-coracao-e-teu-resumo-0405-jennifer-se-casa-com-nicolas\/85546","title":{"rendered":"Novela \u201cMeu Cora\u00e7\u00e3o \u00e9 Teu\u201d resumo 04\/05: Jennifer se casa com Nicolas"},"content":{"rendered":"<p> <img loading=\"lazy\" decoding=\"async\" src=\"https:\/\/migracao.redenoticia.com.br\/noticia\/imagens\/meu_coracao_e_teu_novela_resumo_sbt-150x112.jpg\" alt=\"meu_coracao_e_teu_novela_resumo_sbt\" width=\"150\" height=\"112\" class=\"alignleft size-thumbnail wp-image-82119\" srcset=\"https:\/\/migracao.redenoticia.com.br\/noticia\/imagens\/meu_coracao_e_teu_novela_resumo_sbt-150x112.jpg 150w, https:\/\/migracao.redenoticia.com.br\/noticia\/imagens\/meu_coracao_e_teu_novela_resumo_sbt-265x198.jpg 265w\" sizes=\"auto, (max-width: 150px) 100vw, 150px\" \/><strong><em>Novela \u201cMeu Cora\u00e7\u00e3o \u00e9 Teu\u201d resumo 04\/05<\/em><\/strong>: no caminho para o casamento ocorrem v\u00e1rios imprevistos com Ana e Jennifer. Elas acabam detidas. Fernando, preocupado com Jennifer e Ana, fala com a pol\u00edcia e explica a situa\u00e7\u00e3o. Jennifer chora de preocupa\u00e7\u00e3o. A pol\u00edcia leva as duas ao casamento. Jennifer se casa com Nicolas e todos ficam felizes. Ana olha feio para Isabela, j\u00e1 que ela e Yolanda negaram ajuda e ca\u00e7oaram delas. Emocionado com o casamento, Diego diz a Ana que quer se casar com ela.<\/p>\n<p>No cap\u00edtulo 048 (*), novela \u201cMeu Cora\u00e7\u00e3o \u00e9 Teu\u201d, quarta-feira, 04 de maio \u2013 Fernando preocupado com Jennifer e Ana fala com a pol\u00edcia e explica a situa\u00e7\u00e3o. Jennifer chora de preocupa\u00e7\u00e3o. A Policia leva Ana e Jennifer ao casamento. Jennifer se casa com Nicolas e todos ficam felizes. Ana olha feio para Isabela. Diego diz a Ana que quer se casar com ela. Ana e Fernando pedem a Helena que cuide de sua sa\u00fade, para assim poder ter uma bonita rela\u00e7\u00e3o com Nando. <\/p>\n<p>Ana, emocionada, faz um discurso muito carinhoso a sua \u201cirm\u00e3\u201d Jennifer. Fernando fica confuso, imaginando como Ana pode sentir tanto carinho por Jennifer se elas mal se conhecem. Fernando brinca com a rela\u00e7\u00e3o de \u201cirm\u00e3s\u201d que Jennifer e Ana tem. A festa \u00e9 um sucesso, mas Isabela n\u00e3o aproveita nada da cerim\u00f4nia, sempre se queixando de tudo. <\/p>\n<p>O tri\u00e2ngulo amoroso da festa, formado por Johnny, Diana e Edna d\u00e1 o que falar. Isabela diz a Ana que todos s\u00e3o mal intencionados com ela. Fernando pede que Yolanda deixe a mans\u00e3o. Henrique fala com Fanny e a beija a for\u00e7a. Ana chega e a salva, amea\u00e7ando Henrique. Ana e Isabela t\u00eam uma discuss\u00e3o e Ana machuca seu bra\u00e7o.  <\/p>\n<p>(*) edi\u00e7\u00e3o do SBT, Novela \u201cMeu Cora\u00e7\u00e3o \u00e9 Teu\u201d, sujeito a altera\u00e7\u00e3o de data e conte\u00fado.<\/p>\n","protected":false},"excerpt":{"rendered":"<p>Novela \u201cMeu Cora\u00e7\u00e3o \u00e9 Teu\u201d resumo 04\/05: no caminho para o casamento ocorrem v\u00e1rios imprevistos com Ana e Jennifer. Elas acabam detidas. Fernando, preocupado com Jennifer e Ana, fala com a pol\u00edcia e explica a situa\u00e7\u00e3o. Jennifer chora de preocupa\u00e7\u00e3o. A pol\u00edcia leva as duas ao casamento. Jennifer se casa com Nicolas e todos ficam [&hellip;]<\/p>\n","protected":false},"author":2,"featured_media":82119,"comment_status":"open","ping_status":"closed","sticky":false,"template":"","format":"standard","meta":{"tdm_status":"","tdm_grid_status":"","footnotes":""},"categories":[379,372,343],"tags":[441],"class_list":{"0":"post-85546","1":"post","2":"type-post","3":"status-publish","4":"format-standard","5":"has-post-thumbnail","7":"category-novelas","8":"category-sbt","9":"category-televisao","10":"tag-resumo-do-dia"},"_links":{"self":[{"href":"https:\/\/migracao.redenoticia.com.br\/noticia\/wp-json\/wp\/v2\/posts\/85546","targetHints":{"allow":["GET"]}}],"collection":[{"href":"https:\/\/migracao.redenoticia.com.br\/noticia\/wp-json\/wp\/v2\/posts"}],"about":[{"href":"https:\/\/migracao.redenoticia.com.br\/noticia\/wp-json\/wp\/v2\/types\/post"}],"author":[{"embeddable":true,"href":"https:\/\/migracao.redenoticia.com.br\/noticia\/wp-json\/wp\/v2\/users\/2"}],"replies":[{"embeddable":true,"href":"https:\/\/migracao.redenoticia.com.br\/noticia\/wp-json\/wp\/v2\/comments?post=85546"}],"version-history":[{"count":0,"href":"https:\/\/migracao.redenoticia.com.br\/noticia\/wp-json\/wp\/v2\/posts\/85546\/revisions"}],"wp:featuredmedia":[{"embeddable":true,"href":"https:\/\/migracao.redenoticia.com.br\/noticia\/wp-json\/wp\/v2\/media\/82119"}],"wp:attachment":[{"href":"https:\/\/migracao.redenoticia.com.br\/noticia\/wp-json\/wp\/v2\/media?parent=85546"}],"wp:term":[{"taxonomy":"category","embeddable":true,"href":"https:\/\/migracao.redenoticia.com.br\/noticia\/wp-json\/wp\/v2\/categories?post=85546"},{"taxonomy":"post_tag","embeddable":true,"href":"https:\/\/migracao.redenoticia.com.br\/noticia\/wp-json\/wp\/v2\/tags?post=85546"}],"curies":[{"name":"wp","href":"https:\/\/api.w.org\/{rel}","templated":true}]}}