{"id":8555,"date":"2009-08-13T15:37:14","date_gmt":"2009-08-13T19:37:14","guid":{"rendered":"http:\/\/www.redenoticia.com.br\/noticia\/?p=8555"},"modified":"2009-08-13T15:37:14","modified_gmt":"2009-08-13T19:37:14","slug":"apenas-2-peoes-vao-chegar-na-final-de-a-fazenda-em-23-de-agosto","status":"publish","type":"post","link":"https:\/\/migracao.redenoticia.com.br\/noticia\/2009\/apenas-2-peoes-vao-chegar-na-final-de-a-fazenda-em-23-de-agosto\/8555","title":{"rendered":"Apenas 2 pe\u00f5es v\u00e3o chegar na final de A Fazenda em 23 de agosto"},"content":{"rendered":"<p>No programa desta quarta-feira (12\/08), o Monstro da Fazenda Britto Jr. explicou que apenas 2 pe\u00f5es v\u00e3o chegar \u00e0 final do reality \u201cA Fazenda\u201d. Segundo a Record, entre a elimina\u00e7\u00e3o deste domingo e a grande final do dia 23 de agosto, mais um pe\u00e3o deixar\u00e1 A Fazenda, sem mais detalhes se a decis\u00e3o ser\u00e1 do p\u00fablico ou por meio de alguma prova.<\/p>\n<p>A Fazenda fica cada vez mais vazia e os participantes trabalham o dobro. A tend\u00eancia, segundo a Record, ser\u00e1 aumentar o volume do trabalho, ainda mais se realmente ficarem apenas dois. Esta estrat\u00e9gia se justifica e faz sentido \u00e0 fala de Britto Jr., no \u00faltimo domingo, quando deu a entender que a solidariedade precisa aumentar.<\/p>\n<p>Por hora a tens\u00e3o aumenta entre os participantes da Ro\u00e7a da Fazenda deste domingo, Dado, Danni e Pedro. Dos tr\u00eas, apenas Pedro disse que n\u00e3o sentir\u00e1 saudade do programa A Fazenda.<\/p>\n<p>Enquanto isso, o repert\u00f3rio de Dado e Danni s\u00f3 aumentam e foi a causa de mais uma crise nesta madrugada. Carlinhos est\u00e1 produzindo um clip de A Fazenda conforme orienta\u00e7\u00e3o da Rede Record, e o v\u00eddeo precisa de uma m\u00fasica para completar a trilha sonora.<\/p>\n","protected":false},"excerpt":{"rendered":"<p>No programa desta quarta-feira (12\/08), o Monstro da Fazenda Britto Jr. explicou que apenas 2 pe\u00f5es v\u00e3o chegar \u00e0 final do reality \u201cA Fazenda\u201d. Segundo a Record, entre a elimina\u00e7\u00e3o deste domingo e a grande final do dia 23 de agosto, mais um pe\u00e3o deixar\u00e1 A Fazenda, sem mais detalhes se a decis\u00e3o ser\u00e1 do [&hellip;]<\/p>\n","protected":false},"author":3,"featured_media":0,"comment_status":"open","ping_status":"open","sticky":false,"template":"","format":"standard","meta":{"tdm_status":"","tdm_grid_status":"","footnotes":""},"categories":[22,343],"tags":[],"class_list":{"0":"post-8555","1":"post","2":"type-post","3":"status-publish","4":"format-standard","6":"category-brasil","7":"category-televisao"},"_links":{"self":[{"href":"https:\/\/migracao.redenoticia.com.br\/noticia\/wp-json\/wp\/v2\/posts\/8555","targetHints":{"allow":["GET"]}}],"collection":[{"href":"https:\/\/migracao.redenoticia.com.br\/noticia\/wp-json\/wp\/v2\/posts"}],"about":[{"href":"https:\/\/migracao.redenoticia.com.br\/noticia\/wp-json\/wp\/v2\/types\/post"}],"author":[{"embeddable":true,"href":"https:\/\/migracao.redenoticia.com.br\/noticia\/wp-json\/wp\/v2\/users\/3"}],"replies":[{"embeddable":true,"href":"https:\/\/migracao.redenoticia.com.br\/noticia\/wp-json\/wp\/v2\/comments?post=8555"}],"version-history":[{"count":0,"href":"https:\/\/migracao.redenoticia.com.br\/noticia\/wp-json\/wp\/v2\/posts\/8555\/revisions"}],"wp:attachment":[{"href":"https:\/\/migracao.redenoticia.com.br\/noticia\/wp-json\/wp\/v2\/media?parent=8555"}],"wp:term":[{"taxonomy":"category","embeddable":true,"href":"https:\/\/migracao.redenoticia.com.br\/noticia\/wp-json\/wp\/v2\/categories?post=8555"},{"taxonomy":"post_tag","embeddable":true,"href":"https:\/\/migracao.redenoticia.com.br\/noticia\/wp-json\/wp\/v2\/tags?post=8555"}],"curies":[{"name":"wp","href":"https:\/\/api.w.org\/{rel}","templated":true}]}}