{"id":85562,"date":"2016-05-03T18:08:49","date_gmt":"2016-05-03T21:08:49","guid":{"rendered":"http:\/\/www.redenoticia.com.br\/noticia\/?p=85562"},"modified":"2016-05-03T17:16:29","modified_gmt":"2016-05-03T20:16:29","slug":"novela-eta-mundo-bom-resumo-0405-fragoso-morre-sem-comprar-fazenda","status":"publish","type":"post","link":"https:\/\/migracao.redenoticia.com.br\/noticia\/2016\/novela-eta-mundo-bom-resumo-0405-fragoso-morre-sem-comprar-fazenda\/85562","title":{"rendered":"Novela \u201cEta Mundo Bom\u201d resumo 04\/05: Fragoso morre sem comprar fazenda"},"content":{"rendered":"<p> <img loading=\"lazy\" decoding=\"async\" class=\"alignleft size-thumbnail wp-image-82131\" src=\"https:\/\/migracao.redenoticia.com.br\/noticia\/imagens\/eta_mundo_bom_globo_novela_resumo-150x112.jpg\" alt=\"eta_mundo_bom_globo_novela_resumo\" width=\"150\" height=\"112\" srcset=\"https:\/\/migracao.redenoticia.com.br\/noticia\/imagens\/eta_mundo_bom_globo_novela_resumo-150x112.jpg 150w, https:\/\/migracao.redenoticia.com.br\/noticia\/imagens\/eta_mundo_bom_globo_novela_resumo-265x198.jpg 265w\" sizes=\"auto, (max-width: 150px) 100vw, 150px\" \/><strong><em>Novela \u201cEta Mundo Bom\u201d resumo 04\/05<\/em><\/strong>: ap\u00f3s se casar com Fragoso no Paraguai, Filomena volta \u00e0 fazenda para apresentar o marido \u00e0 fam\u00edlia. Fil\u00f3 trata de ressaltar as qualidades do marido. Cunegundes conversa com In\u00e1cio e avisa que Filomena e Fragoso v\u00e3o comprar a fazenda e, assim, eles v\u00e3o conseguir sanar as d\u00edvidas da fam\u00edlia. Fragoso mostra sinais de cansa\u00e7o devido \u00e0 viagem e Filomena estranha o comportamento do marido. No momento de assinar a documenta\u00e7\u00e3o da compra da fazenda, Fragoso passa mal e vem a falecer. Filomena fica desesperada e e sua fam\u00edlia fica chocada com a morte do milion\u00e1rio.<\/p>\n<p>No capitulo 093(*), novela \u201cEta Mundo Bom\u201d, quarta-feira, 04 de maio \u2013 Sandra presenteia Candinho e Anast\u00e1cia se emociona com a atitude da sobrinha. Cunegundes avisa a In\u00e1cio que Filomena e Fragoso comprar\u00e3o a fazenda. <\/p>\n<p>Pancr\u00e1cio descobre que foi Ernesto quem raptou Policarpo e Jack. Com a ajuda de Vermelho, Romeu trama sua vingan\u00e7a contra Paulina. Diana recupera a confian\u00e7a de Severo e Braz comemora. Maria conversa com Celso sobre Sandra. Filomena estranha o comportamento de Fragoso. <\/p>\n<p>Cunegundes e In\u00e1cio preparam os pap\u00e9is para a venda da fazenda. Fragoso falece antes de assinar o contrato de compra. <\/p>\n<p>(*) edi\u00e7\u00e3o da Rede Globo, Novela \u201cEta Mundo Bom\u201d, sujeito a altera\u00e7\u00e3o de data e conte\u00fado.<\/p>\n","protected":false},"excerpt":{"rendered":"<p>Novela \u201cEta Mundo Bom\u201d resumo 04\/05: ap\u00f3s se casar com Fragoso no Paraguai, Filomena volta \u00e0 fazenda para apresentar o marido \u00e0 fam\u00edlia. Fil\u00f3 trata de ressaltar as qualidades do marido. Cunegundes conversa com In\u00e1cio e avisa que Filomena e Fragoso v\u00e3o comprar a fazenda e, assim, eles v\u00e3o conseguir sanar as d\u00edvidas da fam\u00edlia. [&hellip;]<\/p>\n","protected":false},"author":2,"featured_media":82131,"comment_status":"open","ping_status":"closed","sticky":false,"template":"","format":"standard","meta":{"tdm_status":"","tdm_grid_status":"","footnotes":""},"categories":[379,375,343],"tags":[441],"class_list":{"0":"post-85562","1":"post","2":"type-post","3":"status-publish","4":"format-standard","5":"has-post-thumbnail","7":"category-novelas","8":"category-rede-globo","9":"category-televisao","10":"tag-resumo-do-dia"},"_links":{"self":[{"href":"https:\/\/migracao.redenoticia.com.br\/noticia\/wp-json\/wp\/v2\/posts\/85562","targetHints":{"allow":["GET"]}}],"collection":[{"href":"https:\/\/migracao.redenoticia.com.br\/noticia\/wp-json\/wp\/v2\/posts"}],"about":[{"href":"https:\/\/migracao.redenoticia.com.br\/noticia\/wp-json\/wp\/v2\/types\/post"}],"author":[{"embeddable":true,"href":"https:\/\/migracao.redenoticia.com.br\/noticia\/wp-json\/wp\/v2\/users\/2"}],"replies":[{"embeddable":true,"href":"https:\/\/migracao.redenoticia.com.br\/noticia\/wp-json\/wp\/v2\/comments?post=85562"}],"version-history":[{"count":0,"href":"https:\/\/migracao.redenoticia.com.br\/noticia\/wp-json\/wp\/v2\/posts\/85562\/revisions"}],"wp:featuredmedia":[{"embeddable":true,"href":"https:\/\/migracao.redenoticia.com.br\/noticia\/wp-json\/wp\/v2\/media\/82131"}],"wp:attachment":[{"href":"https:\/\/migracao.redenoticia.com.br\/noticia\/wp-json\/wp\/v2\/media?parent=85562"}],"wp:term":[{"taxonomy":"category","embeddable":true,"href":"https:\/\/migracao.redenoticia.com.br\/noticia\/wp-json\/wp\/v2\/categories?post=85562"},{"taxonomy":"post_tag","embeddable":true,"href":"https:\/\/migracao.redenoticia.com.br\/noticia\/wp-json\/wp\/v2\/tags?post=85562"}],"curies":[{"name":"wp","href":"https:\/\/api.w.org\/{rel}","templated":true}]}}