{"id":85564,"date":"2016-05-03T19:16:34","date_gmt":"2016-05-03T22:16:34","guid":{"rendered":"http:\/\/www.redenoticia.com.br\/noticia\/?p=85564"},"modified":"2016-05-03T17:19:13","modified_gmt":"2016-05-03T20:19:13","slug":"novela-totalmente-demais-resumo-0405-carolina-pede-desculpas-a-eliza","status":"publish","type":"post","link":"https:\/\/migracao.redenoticia.com.br\/noticia\/2016\/novela-totalmente-demais-resumo-0405-carolina-pede-desculpas-a-eliza\/85564","title":{"rendered":"Novela \u201cTotalmente Demais\u201d resumo 04\/05: Carolina pede desculpas a Eliza"},"content":{"rendered":"<p> <strong><em><img loading=\"lazy\" decoding=\"async\" class=\"alignleft size-thumbnail wp-image-76581\" src=\"https:\/\/migracao.redenoticia.com.br\/noticia\/imagens\/totalmente_demais_novela_resumo_globo-150x112.jpg\" alt=\"totalmente_demais_novela_resumo_globo\" width=\"150\" height=\"112\" srcset=\"https:\/\/migracao.redenoticia.com.br\/noticia\/imagens\/totalmente_demais_novela_resumo_globo-150x112.jpg 150w, https:\/\/migracao.redenoticia.com.br\/noticia\/imagens\/totalmente_demais_novela_resumo_globo-265x198.jpg 265w\" sizes=\"auto, (max-width: 150px) 100vw, 150px\" \/>Novela \u201cTotalmente Demais\u201d resumo 04\/05<\/em><\/strong>: ap\u00f3s descobrir que foi Carolina quem enviou as fotos de Eliza com Rafael para Lorena, Arthur quer desmascar\u00e1-la. Esta oportunidade acontece na festa de lan\u00e7amento de mais uma edi\u00e7\u00e3o da Totalmente Demais. Carolina \u00e9 humilhada na frente de todos. Ela tenta justificar seus atos, mas n\u00e3o consegue. No dia seguinte, ao chegar \u00e0 revista, Carol se depara com Hugo e imagina que vai ser demitida. Hugo lhe d\u00e1 mais uma chance. Mas, ele faz uma lista de exig\u00eancias para ela se manter no emprego e inclue um pedido de desculpas a Germano, Leila e Eliza. Ao pedir desculpas para Eliza, a garota deixa claro que a perdoa, mas vai process\u00e1-la.<\/p>\n<p>No capitulo 153 (*), novela \u201cTotalmente Demais\u201d, quarta-feira, 04 de maio \u2013 Hugo faz uma lista de exig\u00eancias para Carolina se manter no emprego, incluindo um pedido de desculpas a Germano, Leila e Eliza. <\/p>\n<p>Seguindo a orienta\u00e7\u00e3o de Hugo, Carolina prop\u00f5e a Leila fazer uma mat\u00e9ria sobre as loucuras que se faz em nome do amor, e se oferece para ser a primeira entrevistada. <\/p>\n<p>Carolina pede desculpas a Eliza por seu comportamento, mas a menina se vinga da jornalista. Eliza procura Arthur para conversar.  <\/p>\n<p>(*) edi\u00e7\u00e3o da Rede Globo, Novela \u201cTotalmente Demais\u201d, sujeito a altera\u00e7\u00e3o de data e conte\u00fado.<\/p>\n","protected":false},"excerpt":{"rendered":"<p>Novela \u201cTotalmente Demais\u201d resumo 04\/05: ap\u00f3s descobrir que foi Carolina quem enviou as fotos de Eliza com Rafael para Lorena, Arthur quer desmascar\u00e1-la. Esta oportunidade acontece na festa de lan\u00e7amento de mais uma edi\u00e7\u00e3o da Totalmente Demais. Carolina \u00e9 humilhada na frente de todos. Ela tenta justificar seus atos, mas n\u00e3o consegue. No dia seguinte, [&hellip;]<\/p>\n","protected":false},"author":2,"featured_media":77335,"comment_status":"open","ping_status":"closed","sticky":false,"template":"","format":"standard","meta":{"tdm_status":"","tdm_grid_status":"","footnotes":""},"categories":[379,375,343],"tags":[441],"class_list":{"0":"post-85564","1":"post","2":"type-post","3":"status-publish","4":"format-standard","5":"has-post-thumbnail","7":"category-novelas","8":"category-rede-globo","9":"category-televisao","10":"tag-resumo-do-dia"},"_links":{"self":[{"href":"https:\/\/migracao.redenoticia.com.br\/noticia\/wp-json\/wp\/v2\/posts\/85564","targetHints":{"allow":["GET"]}}],"collection":[{"href":"https:\/\/migracao.redenoticia.com.br\/noticia\/wp-json\/wp\/v2\/posts"}],"about":[{"href":"https:\/\/migracao.redenoticia.com.br\/noticia\/wp-json\/wp\/v2\/types\/post"}],"author":[{"embeddable":true,"href":"https:\/\/migracao.redenoticia.com.br\/noticia\/wp-json\/wp\/v2\/users\/2"}],"replies":[{"embeddable":true,"href":"https:\/\/migracao.redenoticia.com.br\/noticia\/wp-json\/wp\/v2\/comments?post=85564"}],"version-history":[{"count":0,"href":"https:\/\/migracao.redenoticia.com.br\/noticia\/wp-json\/wp\/v2\/posts\/85564\/revisions"}],"wp:featuredmedia":[{"embeddable":true,"href":"https:\/\/migracao.redenoticia.com.br\/noticia\/wp-json\/wp\/v2\/media\/77335"}],"wp:attachment":[{"href":"https:\/\/migracao.redenoticia.com.br\/noticia\/wp-json\/wp\/v2\/media?parent=85564"}],"wp:term":[{"taxonomy":"category","embeddable":true,"href":"https:\/\/migracao.redenoticia.com.br\/noticia\/wp-json\/wp\/v2\/categories?post=85564"},{"taxonomy":"post_tag","embeddable":true,"href":"https:\/\/migracao.redenoticia.com.br\/noticia\/wp-json\/wp\/v2\/tags?post=85564"}],"curies":[{"name":"wp","href":"https:\/\/api.w.org\/{rel}","templated":true}]}}