{"id":85580,"date":"2016-05-04T10:48:13","date_gmt":"2016-05-04T13:48:13","guid":{"rendered":"http:\/\/www.redenoticia.com.br\/noticia\/?p=85580"},"modified":"2016-05-03T18:49:24","modified_gmt":"2016-05-03T21:49:24","slug":"abertas-as-inscricoes-para-o-vestibular-do-segundo-semestre-das-fatecs","status":"publish","type":"post","link":"https:\/\/migracao.redenoticia.com.br\/noticia\/2016\/abertas-as-inscricoes-para-o-vestibular-do-segundo-semestre-das-fatecs\/85580","title":{"rendered":"Abertas as inscri\u00e7\u00f5es para o vestibular do segundo semestre das Fatecs"},"content":{"rendered":"<p> Est\u00e3o abertas as inscri\u00e7\u00f5es para o <strong><em>vestibular do segundo semestre das Fatecs<\/em><\/strong> (Faculdades de Tecnologia do Estado de S\u00e3o Paulo). O prazo vai at\u00e9 o dia 9 de junho e as provas est\u00e3o marcadas para 3 de julho. O processo seletivo oferece 15.325 vagas &#8211; esse n\u00famero inclui 1.800 vagas para a modalidade a dist\u00e2ncia &#8211; distribu\u00eddas entre as 66 Fatecs do Estado. O exame ser\u00e1 no dia 3 de julho.<\/p>\n<p>As inscri\u00e7\u00f5es dever\u00e3o ser feitas exclusivamente pelo site . No \u00faltimo dia, o prazo termina \u00e0s 15 horas. Para se inscrever \u00e9 necess\u00e1rio preencher a Ficha de Inscri\u00e7\u00e3o e o question\u00e1rio socioecon\u00f4mico, imprimir o boleto e pagar a taxa no valor de R$ 75 (em dinheiro) em qualquer ag\u00eancia banc\u00e1ria. Para se inscrever, o candidato deve ter conclu\u00eddo ou estar cursando o Ensino M\u00e9dio ou equivalente, desde que no ato da matr\u00edcula comprove a conclus\u00e3o do curso.<\/p>\n<p> No ato da inscri\u00e7\u00e3o \u00e9 poss\u00edvel escolher um curso em primeira op\u00e7\u00e3o e colocar como segunda op\u00e7\u00e3o: o mesmo curso (presencial ou EaD) de primeira op\u00e7\u00e3o em outro per\u00edodo na mesma Fatec; ou o mesmo curso (presencial ou EaD) de primeira op\u00e7\u00e3o em qualquer per\u00edodo de outra Fatec; ou ainda qualquer curso (presencial ou EaD) com o mesmo conjunto de disciplinas priorit\u00e1rias (a rela\u00e7\u00e3o dos cursos estar\u00e1 na internet no momento em que o candidato for definir a segunda op\u00e7\u00e3o), em qualquer Fatec e per\u00edodo.<\/p>\n<p> O candidato com defici\u00eancia, que precise de condi\u00e7\u00f5es especiais para fazer a prova, deve mencionar sua necessidade na ficha de inscri\u00e7\u00e3o eletr\u00f4nica. \u00c9 necess\u00e1rio encaminhar o laudo m\u00e9dico, emitido por especialista, por meio de um link espec\u00edfico na \u00e1rea do candidato at\u00e9 as 15 horas do dia 9 de junho.<\/p>\n<p> Quem pediu isen\u00e7\u00e3o e redu\u00e7\u00e3o da taxa de inscri\u00e7\u00e3o poder\u00e1 conferir o resultado da solicita\u00e7\u00e3o no site do Vestibular nesta ter\u00e7a-feira, 3 de maio. A partir desta data, deve fazer sua inscri\u00e7\u00e3o.<\/p>\n<p> O Manual do Candidato, que traz datas, normas e orienta\u00e7\u00f5es para o processo seletivo, est\u00e1 dispon\u00edvel no  para download gratuito. <\/p>\n<p>Inclus\u00e3o Social<\/p>\n<p> O Sistema de Pontua\u00e7\u00e3o Acrescida do Centro Paula Souza concede acr\u00e9scimo de pontos \u00e0 nota final obtida no exame, sendo 3% a estudantes afrodescendentes e 10% a oriundos da rede p\u00fablica. Se o candidato estiver nas duas situa\u00e7\u00f5es, recebe 13% de b\u00f4nus.<\/p>\n<p> \u00c9 indispens\u00e1vel que o candidato verifique se realmente tem direito \u00e0 pontua\u00e7\u00e3o acrescida, pois a matr\u00edcula n\u00e3o poder\u00e1 ser realizada e a vaga ser\u00e1 perdida caso as informa\u00e7\u00f5es n\u00e3o atendam \u00e0s condi\u00e7\u00f5es estabelecidas em sua totalidade.<\/p>\n<p> Outras informa\u00e7\u00f5es pelos telefones (11) 3471-4103 (Capital e Grande S\u00e3o Paulo) e 0800-596 9696 (demais localidades) ou pelo site .<\/p>\n<p> Tr\u00eas Fatecs v\u00e3o ampliar os cursos oferecidos: Fatec Barueri, com 40 vagas no curso de Log\u00edstica no per\u00edodo da tarde; Fatec Itapetininga (40 vagas no curso matutino de Gest\u00e3o Ambiental; e Fatec S\u00e3o Sebasti\u00e3o, com 40 vagas no curso de Log\u00edstica &#8211; 1\u00ba ao 3\u00ba manh\u00e3 e 4\u00ba ao 6\u00ba \u00e0 noite).<\/p>\n<p> Do Centro Paula Souza<\/p>\n","protected":false},"excerpt":{"rendered":"<p>Est\u00e3o abertas as inscri\u00e7\u00f5es para o vestibular do segundo semestre das Fatecs (Faculdades de Tecnologia do Estado de S\u00e3o Paulo). O prazo vai at\u00e9 o dia 9 de junho e as provas est\u00e3o marcadas para 3 de julho. O processo seletivo oferece 15.325 vagas &#8211; esse n\u00famero inclui 1.800 vagas para a modalidade a dist\u00e2ncia [&hellip;]<\/p>\n","protected":false},"author":2,"featured_media":36244,"comment_status":"open","ping_status":"closed","sticky":false,"template":"","format":"standard","meta":{"tdm_status":"","tdm_grid_status":"","footnotes":""},"categories":[22,370,295],"tags":[],"class_list":{"0":"post-85580","1":"post","2":"type-post","3":"status-publish","4":"format-standard","5":"has-post-thumbnail","7":"category-brasil","8":"category-inscricao","9":"category-vestibular"},"_links":{"self":[{"href":"https:\/\/migracao.redenoticia.com.br\/noticia\/wp-json\/wp\/v2\/posts\/85580","targetHints":{"allow":["GET"]}}],"collection":[{"href":"https:\/\/migracao.redenoticia.com.br\/noticia\/wp-json\/wp\/v2\/posts"}],"about":[{"href":"https:\/\/migracao.redenoticia.com.br\/noticia\/wp-json\/wp\/v2\/types\/post"}],"author":[{"embeddable":true,"href":"https:\/\/migracao.redenoticia.com.br\/noticia\/wp-json\/wp\/v2\/users\/2"}],"replies":[{"embeddable":true,"href":"https:\/\/migracao.redenoticia.com.br\/noticia\/wp-json\/wp\/v2\/comments?post=85580"}],"version-history":[{"count":0,"href":"https:\/\/migracao.redenoticia.com.br\/noticia\/wp-json\/wp\/v2\/posts\/85580\/revisions"}],"wp:featuredmedia":[{"embeddable":true,"href":"https:\/\/migracao.redenoticia.com.br\/noticia\/wp-json\/wp\/v2\/media\/36244"}],"wp:attachment":[{"href":"https:\/\/migracao.redenoticia.com.br\/noticia\/wp-json\/wp\/v2\/media?parent=85580"}],"wp:term":[{"taxonomy":"category","embeddable":true,"href":"https:\/\/migracao.redenoticia.com.br\/noticia\/wp-json\/wp\/v2\/categories?post=85580"},{"taxonomy":"post_tag","embeddable":true,"href":"https:\/\/migracao.redenoticia.com.br\/noticia\/wp-json\/wp\/v2\/tags?post=85580"}],"curies":[{"name":"wp","href":"https:\/\/api.w.org\/{rel}","templated":true}]}}