{"id":85603,"date":"2016-05-04T14:36:51","date_gmt":"2016-05-04T17:36:51","guid":{"rendered":"http:\/\/www.redenoticia.com.br\/noticia\/?p=85603"},"modified":"2016-05-04T14:36:51","modified_gmt":"2016-05-04T17:36:51","slug":"novela-a-mentira-resumo-0505-demetrio-conta-sua-historia-a-teodoro","status":"publish","type":"post","link":"https:\/\/migracao.redenoticia.com.br\/noticia\/2016\/novela-a-mentira-resumo-0505-demetrio-conta-sua-historia-a-teodoro\/85603","title":{"rendered":"Novela \u201cA Mentira\u201d resumo 05\/05: Dem\u00e9trio conta sua hist\u00f3ria a Teodoro"},"content":{"rendered":"<p> <img loading=\"lazy\" decoding=\"async\" class=\"alignleft size-thumbnail wp-image-83096\" src=\"https:\/\/migracao.redenoticia.com.br\/noticia\/imagens\/a_mentira_sbt_resumo_novela-150x112.jpg\" alt=\"a_mentira_sbt_resumo_novela\" width=\"150\" height=\"112\" srcset=\"https:\/\/migracao.redenoticia.com.br\/noticia\/imagens\/a_mentira_sbt_resumo_novela-150x112.jpg 150w, https:\/\/migracao.redenoticia.com.br\/noticia\/imagens\/a_mentira_sbt_resumo_novela-265x198.jpg 265w\" sizes=\"auto, (max-width: 150px) 100vw, 150px\" \/><strong><em>Novela \u201cA Mentira\u201d resumo 05\/05:<\/em><\/strong> Teodoro e Dem\u00e9trio conversam e este diz que tem uma coisa muito importante a lhe contar. Dem\u00e9trio fala que culpou Ver\u00f4nica pela morte do seu irm\u00e3o e conta toda a sua vida com ela. Diz que descobriu que ela n\u00e3o foi culpada por nada. Neste momento, o telefone de Teodoro toca e \u00e9 Miranda Montezinos. Dem\u00e9trio conta a Teodoro que n\u00e3o sabe do paradeiro de Ver\u00f4nica. Teodoro pede desculpas a Dem\u00e9trio, diz que ele tem uma reuni\u00e3o importante com a m\u00e3e de Ver\u00f4nica.<\/p>\n<p>No capitulo 029(*), novela \u201cA Mentira\u201d, quinta-feira, 05 de maio \u2013 Sara comenta com a irm\u00e3 que sempre teve ci\u00fames do amor de Teodoro por Ver\u00f4nica. Ele sempre gostou mais de Virg\u00ednia. Teodoro convida Dem\u00e9trio, dizendo o endere\u00e7o e o hor\u00e1rio do casamento. Dem\u00e9trio diz que vai acontecer. Virg\u00ednia tem mais um encontro \u00edntimo com Santiago. Seu plano \u00e9 engravidar de Santiago para seu filho n\u00e3o ser um leg\u00edtimo Fernandes Negrete. <\/p>\n<p>A secret\u00e1ria de Miranda liga procurando Teodoro (que n\u00e3o se encontra), e descobre que vai haver um casamento. Dem\u00e9trio diz a Teodoro que tem uma coisa muito importante a lhe dizer, que ele culpou Ver\u00f4nica pela morte do seu irm\u00e3o. Conta toda a sua vida com ela. Diz que descobriu que ela n\u00e3o foi culpada por nada. Neste momento Teodoro atende o telefone: \u00c9 Miranda Montezinos.  <\/p>\n<p>Beatriz pede a ajuda a Ver\u00f4nica no caso de Carla com as drogas. Dem\u00e9trio conta a Teodoro que n\u00e3o sabe do paradeiro de Ver\u00f4nica. Teodoro pede desculpas a Dem\u00e9trio, dizendo que ele tem uma reuni\u00e3o importante: com a m\u00e3e de Ver\u00f4nica. Miranda diz a Teodoro que voltou por causa da filha.<\/p>\n<p>(*) edi\u00e7\u00e3o do SBT, Novela \u201cA Mentira\u201d, sujeito a altera\u00e7\u00e3o de data e conte\u00fado.<\/p>\n","protected":false},"excerpt":{"rendered":"<p>Novela \u201cA Mentira\u201d resumo 05\/05: Teodoro e Dem\u00e9trio conversam e este diz que tem uma coisa muito importante a lhe contar. Dem\u00e9trio fala que culpou Ver\u00f4nica pela morte do seu irm\u00e3o e conta toda a sua vida com ela. Diz que descobriu que ela n\u00e3o foi culpada por nada. Neste momento, o telefone de Teodoro [&hellip;]<\/p>\n","protected":false},"author":2,"featured_media":83096,"comment_status":"open","ping_status":"closed","sticky":false,"template":"","format":"standard","meta":{"tdm_status":"","tdm_grid_status":"","footnotes":""},"categories":[379,372,343],"tags":[441],"class_list":{"0":"post-85603","1":"post","2":"type-post","3":"status-publish","4":"format-standard","5":"has-post-thumbnail","7":"category-novelas","8":"category-sbt","9":"category-televisao","10":"tag-resumo-do-dia"},"_links":{"self":[{"href":"https:\/\/migracao.redenoticia.com.br\/noticia\/wp-json\/wp\/v2\/posts\/85603","targetHints":{"allow":["GET"]}}],"collection":[{"href":"https:\/\/migracao.redenoticia.com.br\/noticia\/wp-json\/wp\/v2\/posts"}],"about":[{"href":"https:\/\/migracao.redenoticia.com.br\/noticia\/wp-json\/wp\/v2\/types\/post"}],"author":[{"embeddable":true,"href":"https:\/\/migracao.redenoticia.com.br\/noticia\/wp-json\/wp\/v2\/users\/2"}],"replies":[{"embeddable":true,"href":"https:\/\/migracao.redenoticia.com.br\/noticia\/wp-json\/wp\/v2\/comments?post=85603"}],"version-history":[{"count":0,"href":"https:\/\/migracao.redenoticia.com.br\/noticia\/wp-json\/wp\/v2\/posts\/85603\/revisions"}],"wp:featuredmedia":[{"embeddable":true,"href":"https:\/\/migracao.redenoticia.com.br\/noticia\/wp-json\/wp\/v2\/media\/83096"}],"wp:attachment":[{"href":"https:\/\/migracao.redenoticia.com.br\/noticia\/wp-json\/wp\/v2\/media?parent=85603"}],"wp:term":[{"taxonomy":"category","embeddable":true,"href":"https:\/\/migracao.redenoticia.com.br\/noticia\/wp-json\/wp\/v2\/categories?post=85603"},{"taxonomy":"post_tag","embeddable":true,"href":"https:\/\/migracao.redenoticia.com.br\/noticia\/wp-json\/wp\/v2\/tags?post=85603"}],"curies":[{"name":"wp","href":"https:\/\/api.w.org\/{rel}","templated":true}]}}