{"id":85607,"date":"2016-05-04T14:44:16","date_gmt":"2016-05-04T17:44:16","guid":{"rendered":"http:\/\/www.redenoticia.com.br\/noticia\/?p=85607"},"modified":"2016-05-04T14:44:16","modified_gmt":"2016-05-04T17:44:16","slug":"novela-abismo-da-paixao-resumo-0505-branca-ouve-segredo-de-carmen","status":"publish","type":"post","link":"https:\/\/migracao.redenoticia.com.br\/noticia\/2016\/novela-abismo-da-paixao-resumo-0505-branca-ouve-segredo-de-carmen\/85607","title":{"rendered":"Novela \u201cAbismo da Paix\u00e3o\u201d resumo 05\/05: Branca ouve segredo de Carmen"},"content":{"rendered":"<p> <img loading=\"lazy\" decoding=\"async\" class=\"alignleft size-thumbnail wp-image-81978\" src=\"https:\/\/migracao.redenoticia.com.br\/noticia\/imagens\/abismo_de_paixao_sbt_resumo_novela-150x112.jpg\" alt=\"abismo_de_paixao_sbt_resumo_novela\" width=\"150\" height=\"112\" srcset=\"https:\/\/migracao.redenoticia.com.br\/noticia\/imagens\/abismo_de_paixao_sbt_resumo_novela-150x112.jpg 150w, https:\/\/migracao.redenoticia.com.br\/noticia\/imagens\/abismo_de_paixao_sbt_resumo_novela-265x198.jpg 265w\" sizes=\"auto, (max-width: 150px) 100vw, 150px\" \/><strong><em>Novela \u201cAbismo da Paix\u00e3o\u201d resumo 05\/05<\/em><\/strong>: depois da agress\u00e3o de Ramiro em L\u00facio, Branca decide procur\u00e1-lo para reclamar da agress\u00e3o em seu esposo. Ela o aguarda e ele chega acompanhado de Carmen. Branca se surpreende quando escuta Carmen dizer que Estef\u00e2nia jamais foi amante de Rog\u00e9rio, que a amante era ela, que ia fugir com ele, e que ela est\u00e1 planejando uma maneira de fazer com que os resultados do exame de DNA de Augusto e Elisa sejam alterados.<\/p>\n<p>No cap\u00edtulo 029 (*), novela \u201cAbismo da Paix\u00e3o\u201d, quinta-feira, 05 de maio \u2013  Gael diz a Dami\u00e3o que Augusto est\u00e1 a ponto de ficar na ru\u00edna. Almerinda diz a Ramiro que vigie todos os passos de Elisa e evite a todo custo que ela torne suas terras novamente produtivas, porque os Bouvier n\u00e3o podem ter nenhuma chance de progresso. Branca procura Ramiro para reclamar que ele tenha agredido Lucio. Ele chega acompanhado de Carmen. <\/p>\n<p>Branca se surpreende ao escutar Carmen dizendo que Estef\u00e2nia jamais foi amante de Rog\u00e9rio, que a amante era ela, que ia fugir com ele, e que ela est\u00e1 planejando uma maneira de fazer com que os resultados do exame de DNA de Augusto e Elisa sejam alterados. Flor\u00eancia provoca Henrique e eles se beijam. Sabrina os surpreende, Flor\u00eancia se finge de ofendida, e o esbofeteia. <\/p>\n<p>Branca procura Almerinda para falar de Estef\u00e2nia. Almerinda a responde que ela sempre defendeu essa mulher apesar de todo mal que ela a fez. Flor\u00eancia tenta convencer Dami\u00e3o a voltar a capital. Ele responde que n\u00e3o pode obrig\u00e1-la a ficar num lugar onde n\u00e3o \u00e9 feliz, mas ele j\u00e1 decidiu ficar, pois ir\u00e1 cuidar dos neg\u00f3cios de sua fam\u00edlia.<\/p>\n<p>(*) edi\u00e7\u00e3o do SBT, Novela \u201cAbismo da Paix\u00e3o\u201d, sujeito a altera\u00e7\u00e3o de data e conte\u00fado.<\/p>\n","protected":false},"excerpt":{"rendered":"<p>Novela \u201cAbismo da Paix\u00e3o\u201d resumo 05\/05: depois da agress\u00e3o de Ramiro em L\u00facio, Branca decide procur\u00e1-lo para reclamar da agress\u00e3o em seu esposo. Ela o aguarda e ele chega acompanhado de Carmen. Branca se surpreende quando escuta Carmen dizer que Estef\u00e2nia jamais foi amante de Rog\u00e9rio, que a amante era ela, que ia fugir com [&hellip;]<\/p>\n","protected":false},"author":2,"featured_media":81978,"comment_status":"open","ping_status":"closed","sticky":false,"template":"","format":"standard","meta":{"tdm_status":"","tdm_grid_status":"","footnotes":""},"categories":[379,372,343],"tags":[441],"class_list":{"0":"post-85607","1":"post","2":"type-post","3":"status-publish","4":"format-standard","5":"has-post-thumbnail","7":"category-novelas","8":"category-sbt","9":"category-televisao","10":"tag-resumo-do-dia"},"_links":{"self":[{"href":"https:\/\/migracao.redenoticia.com.br\/noticia\/wp-json\/wp\/v2\/posts\/85607","targetHints":{"allow":["GET"]}}],"collection":[{"href":"https:\/\/migracao.redenoticia.com.br\/noticia\/wp-json\/wp\/v2\/posts"}],"about":[{"href":"https:\/\/migracao.redenoticia.com.br\/noticia\/wp-json\/wp\/v2\/types\/post"}],"author":[{"embeddable":true,"href":"https:\/\/migracao.redenoticia.com.br\/noticia\/wp-json\/wp\/v2\/users\/2"}],"replies":[{"embeddable":true,"href":"https:\/\/migracao.redenoticia.com.br\/noticia\/wp-json\/wp\/v2\/comments?post=85607"}],"version-history":[{"count":0,"href":"https:\/\/migracao.redenoticia.com.br\/noticia\/wp-json\/wp\/v2\/posts\/85607\/revisions"}],"wp:featuredmedia":[{"embeddable":true,"href":"https:\/\/migracao.redenoticia.com.br\/noticia\/wp-json\/wp\/v2\/media\/81978"}],"wp:attachment":[{"href":"https:\/\/migracao.redenoticia.com.br\/noticia\/wp-json\/wp\/v2\/media?parent=85607"}],"wp:term":[{"taxonomy":"category","embeddable":true,"href":"https:\/\/migracao.redenoticia.com.br\/noticia\/wp-json\/wp\/v2\/categories?post=85607"},{"taxonomy":"post_tag","embeddable":true,"href":"https:\/\/migracao.redenoticia.com.br\/noticia\/wp-json\/wp\/v2\/tags?post=85607"}],"curies":[{"name":"wp","href":"https:\/\/api.w.org\/{rel}","templated":true}]}}