{"id":85619,"date":"2016-05-04T15:12:43","date_gmt":"2016-05-04T18:12:43","guid":{"rendered":"http:\/\/www.redenoticia.com.br\/noticia\/?p=85619"},"modified":"2016-05-04T17:19:29","modified_gmt":"2016-05-04T20:19:29","slug":"novela-chamas-da-vida-resumo-0505-pedro-descobre-o-plano-de-mercedes","status":"publish","type":"post","link":"https:\/\/migracao.redenoticia.com.br\/noticia\/2016\/novela-chamas-da-vida-resumo-0505-pedro-descobre-o-plano-de-mercedes\/85619","title":{"rendered":"Novela \u201cChamas da Vida\u201d resumo 05\/05: Pedro descobre o plano de Mercedes"},"content":{"rendered":"<p> <img loading=\"lazy\" decoding=\"async\" class=\"alignleft size-thumbnail wp-image-82020\" src=\"https:\/\/migracao.redenoticia.com.br\/noticia\/imagens\/chamas_da_vida_resumo_novela-150x112.jpeg\" alt=\"chamas_da_vida_resumo_novela\" width=\"150\" height=\"112\" \/><strong><em>Novela \u201cChamas da Vida\u201d resumo 05\/05<\/em><\/strong>: Mercedes diz a Vilma que quer abandonar o plano, e que o que Vilma quer \u00e9 pregar uma grande rasteira \u00e0 fam\u00edlia de Pedro, seu sobrinho. Vilma diz que ela est\u00e1 a ser bem paga e vai ser melhor para a vida de Pedro e das crian\u00e7as. Vilma conta a Tom\u00e1s que Mercedes \u00e9 tia de Pedro e vai pedir a guarda de Vivi e Rafa. Ivonete descobre o golpe e conta a Lourdes o plano de Vilma e de Mercedes. Lourdes diz que elas t\u00eam que expulsar Mercedes da pens\u00e3o. Ivonete conta a Pedro que Mercedes est\u00e1 feita com Vilma para tirar dele a guarda de Vivi e de Rafa.<\/p>\n<p>No capitulo 132, quinta-feira, 05 de maio &#8211; Pedro conversa com o pol\u00edcia. Lipe tenta passar por eles. Fausto reconhece Lipe. O pol\u00edcia agarra na arma e manda Lipe parar. Lipe sai a correr. Xavier avisa que Lipe est\u00e1 na cl\u00ednica. Ant\u00f3nio corre para o encontrar. Lipe tenta saltar um muro. O delegado atira \u00e0s pernas de Lipe. Lipe corre arrastando a perna e rouba um carro. Ant\u00f4nio fica irritado porque n\u00e3o apanhou Lipe. Andressa diz que Demor\u00f4 vai para a casa dela. Margareth diz que vai lutar pelo filho. Beatriz diz para Ivonete dar uma oportunidade a Tom\u00e1s. Pedro diz que Vivi fez o aborto, mas agora Lipe pode querer seq\u00fcestr\u00e1-la. Demoro diz a Andressa e a Margareth que elas n\u00e3o t\u00eam que lutar. Andressa diz que quer Demor\u00f4 de volta a casa dela. Carolina conversa com Vivi ao telefone, que diz que deu tudo certo. Tom\u00e1s encontra Ivonete e diz que precisa conversar com ela. <\/p>\n<p>Ivonete aceita conversar com Tom\u00e1s. Tom\u00e1s pede perd\u00e3o por ter mentido. Ela diz que \u00e9 dif\u00edcil aceitar, porque Vilma matou Wallace, seu irm\u00e3o. Ele diz que Vilma n\u00e3o sabia que Wallace iria morrer. Ivonete diz que tamb\u00e9m se portou mal com Tom\u00e1s. Tom\u00e1s perdoa Ivonete. O dois selam as pazes com um abra\u00e7o. Demor\u00f4 pede conselhos de amor a Guilherme e diz que est\u00e1 interessado em Vivi. Guilherme diz que Vivi sabe que Demoro \u00e9 boa pessoa. Lipe anda a coxear na rua.Arlete desabafa com Eurico que n\u00e3o consegue imaginar a vida sem Walter. Eurico diz que ela e Carolina t\u00eam que ser fortes. Ivonete conta a Suelen que ela e Tom\u00e1s agora s\u00e3o amigos. Vilma diz a Tom\u00e1s que Mercedes \u00e9 a \u00fanica sa\u00edda para eles virarem o jogo. Darlene escuta escondida. Beatriz repara que Ant\u00f3nio se drogou. Beatriz irrita-se e diz que n\u00e3o fica com ele se ele usar drogas. Mercedes diz a Vilma que quer abandonar o plano. Mercedes diz que o que Vilma quer \u00e9 pregar uma grande rasteira \u00e0 fam\u00edlia de Pedro, seu sobrinho. <\/p>\n<p>Vilma diz que ela est\u00e1 a ser bem paga e vai ser melhor para a vida de Pedro e das crian\u00e7as. Vilma conta a Tom\u00e1s que Mercedes \u00e9 tia de Pedro e vai pedir a guarda de Vivi e Rafa. Darlene escuta tudo. Tom\u00e1s diz que est\u00e1 assustado com o plano. Vilma diz que Pedro merece, porque entrou no caminho dela. Michele diz a Brito que j\u00e1 perdoou a Guilherme. Ivonete conta a Lourdes o plano de Vilma e de Mercedes. Lourdes diz que elas t\u00eam que expulsar Mercedes da pens\u00e3o. Vilma diz a Beatriz e a Tom\u00e1s que vai para a f\u00e1brica porque ainda n\u00e3o foi demitida. Pedro discute com Ant\u00f4nio. Ivonete chega com Rafa e conta a Pedro que Mercedes est\u00e1 feita com Vilma para tirar dele a guarda de Vivi e de Rafa.<\/p>\n<p>(*) edi\u00e7\u00e3o da Rede Record, Novela \u201cChamas da Vida\u201d, sujeito a altera\u00e7\u00e3o de data e conte\u00fado.<\/p>\n","protected":false},"excerpt":{"rendered":"<p>Novela \u201cChamas da Vida\u201d resumo 05\/05: Mercedes diz a Vilma que quer abandonar o plano, e que o que Vilma quer \u00e9 pregar uma grande rasteira \u00e0 fam\u00edlia de Pedro, seu sobrinho. Vilma diz que ela est\u00e1 a ser bem paga e vai ser melhor para a vida de Pedro e das crian\u00e7as. Vilma conta [&hellip;]<\/p>\n","protected":false},"author":2,"featured_media":82020,"comment_status":"open","ping_status":"closed","sticky":false,"template":"","format":"standard","meta":{"tdm_status":"","tdm_grid_status":"","footnotes":""},"categories":[379,371,343],"tags":[441],"class_list":{"0":"post-85619","1":"post","2":"type-post","3":"status-publish","4":"format-standard","5":"has-post-thumbnail","7":"category-novelas","8":"category-rede-record","9":"category-televisao","10":"tag-resumo-do-dia"},"_links":{"self":[{"href":"https:\/\/migracao.redenoticia.com.br\/noticia\/wp-json\/wp\/v2\/posts\/85619","targetHints":{"allow":["GET"]}}],"collection":[{"href":"https:\/\/migracao.redenoticia.com.br\/noticia\/wp-json\/wp\/v2\/posts"}],"about":[{"href":"https:\/\/migracao.redenoticia.com.br\/noticia\/wp-json\/wp\/v2\/types\/post"}],"author":[{"embeddable":true,"href":"https:\/\/migracao.redenoticia.com.br\/noticia\/wp-json\/wp\/v2\/users\/2"}],"replies":[{"embeddable":true,"href":"https:\/\/migracao.redenoticia.com.br\/noticia\/wp-json\/wp\/v2\/comments?post=85619"}],"version-history":[{"count":0,"href":"https:\/\/migracao.redenoticia.com.br\/noticia\/wp-json\/wp\/v2\/posts\/85619\/revisions"}],"wp:featuredmedia":[{"embeddable":true,"href":"https:\/\/migracao.redenoticia.com.br\/noticia\/wp-json\/wp\/v2\/media\/82020"}],"wp:attachment":[{"href":"https:\/\/migracao.redenoticia.com.br\/noticia\/wp-json\/wp\/v2\/media?parent=85619"}],"wp:term":[{"taxonomy":"category","embeddable":true,"href":"https:\/\/migracao.redenoticia.com.br\/noticia\/wp-json\/wp\/v2\/categories?post=85619"},{"taxonomy":"post_tag","embeddable":true,"href":"https:\/\/migracao.redenoticia.com.br\/noticia\/wp-json\/wp\/v2\/tags?post=85619"}],"curies":[{"name":"wp","href":"https:\/\/api.w.org\/{rel}","templated":true}]}}