{"id":85628,"date":"2016-05-04T18:00:52","date_gmt":"2016-05-04T21:00:52","guid":{"rendered":"http:\/\/www.redenoticia.com.br\/noticia\/?p=85628"},"modified":"2016-05-04T15:58:17","modified_gmt":"2016-05-04T18:58:17","slug":"novela-meu-coracao-e-teu-resumo-0505-fernando-pede-o-divorcio","status":"publish","type":"post","link":"https:\/\/migracao.redenoticia.com.br\/noticia\/2016\/novela-meu-coracao-e-teu-resumo-0505-fernando-pede-o-divorcio\/85628","title":{"rendered":"Novela \u201cMeu Cora\u00e7\u00e3o \u00e9 Teu\u201d resumo 05\/05: Fernando pede o div\u00f3rcio"},"content":{"rendered":"<p> <img loading=\"lazy\" decoding=\"async\" src=\"https:\/\/migracao.redenoticia.com.br\/noticia\/imagens\/meu_coracao_e_teu_novela_resumo_sbt-150x112.jpg\" alt=\"meu_coracao_e_teu_novela_resumo_sbt\" width=\"150\" height=\"112\" class=\"alignleft size-thumbnail wp-image-82119\" srcset=\"https:\/\/migracao.redenoticia.com.br\/noticia\/imagens\/meu_coracao_e_teu_novela_resumo_sbt-150x112.jpg 150w, https:\/\/migracao.redenoticia.com.br\/noticia\/imagens\/meu_coracao_e_teu_novela_resumo_sbt-265x198.jpg 265w\" sizes=\"auto, (max-width: 150px) 100vw, 150px\" \/><strong><em>Novela \u201cMeu Cora\u00e7\u00e3o \u00e9 Teu\u201d resumo 05\/05<\/em><\/strong>: Fernando e Isabela est\u00e3o no meio de uma discuss\u00e3o e Luz interrompe. Isabela levanta a m\u00e3o para a menina e Fernando n\u00e3o a perdoa. Isabela se desculpa, mas Fernando perde a paci\u00eancia e pede o div\u00f3rcio. Isabela corre para os bra\u00e7os de Yolanda e ambas confabulam, preocupadas com o futuro. Depois, Fanny interrompe Fernando e Isabela durante uma conversa e ele a diz que vai se divorciar de Isabela.<\/p>\n<p>No cap\u00edtulo 049 (*), novela \u201cMeu Cora\u00e7\u00e3o \u00e9 Teu\u201d, quinta-feira, 05 de maio \u2013 Ana se sente mal, pois nunca poder\u00e1 ficar com Diego. Laura, no \u201cjogo da verdade\u201d, beija Nando e Helena fica hist\u00e9rica. Laura diz que acredita que a rela\u00e7\u00e3o de Nando com Helena n\u00e3o ir\u00e1 durar muito, devido a doen\u00e7a psicol\u00f3gica de Helena. <\/p>\n<p>Fanny suspeita que Laura nutre um sentimento por Nando, e parece gostar da situa\u00e7\u00e3o. Leon tem um plano secreto para reconquistar Fanny. Ela descobre e fica feliz com isso. Isabela se desculpa com Fernando por ter levantado a m\u00e3o e gritado com Luz, mas Fernando perde a paci\u00eancia e pede o div\u00f3rcio. Isabela corre para os bra\u00e7os de Yolanda e ambas confabulam preocupadas com o futuro. <\/p>\n<p>Fanny interrompe Fernando e Isabela durante uma conversa e ele a diz que vai se divorciar de Isabela. Fanny corre para contar a novidade para Ana e pede que ela fale com seu pai. Ana comenta com Fernando que j\u00e1 sabe sobre seu div\u00f3rcio e ele explica as raz\u00f5es.<\/p>\n<p>(*) edi\u00e7\u00e3o do SBT, Novela \u201cMeu Cora\u00e7\u00e3o \u00e9 Teu\u201d, sujeito a altera\u00e7\u00e3o de data e conte\u00fado.<\/p>\n","protected":false},"excerpt":{"rendered":"<p>Novela \u201cMeu Cora\u00e7\u00e3o \u00e9 Teu\u201d resumo 05\/05: Fernando e Isabela est\u00e3o no meio de uma discuss\u00e3o e Luz interrompe. Isabela levanta a m\u00e3o para a menina e Fernando n\u00e3o a perdoa. Isabela se desculpa, mas Fernando perde a paci\u00eancia e pede o div\u00f3rcio. Isabela corre para os bra\u00e7os de Yolanda e ambas confabulam, preocupadas com [&hellip;]<\/p>\n","protected":false},"author":2,"featured_media":82119,"comment_status":"open","ping_status":"closed","sticky":false,"template":"","format":"standard","meta":{"tdm_status":"","tdm_grid_status":"","footnotes":""},"categories":[379,372,343],"tags":[441],"class_list":{"0":"post-85628","1":"post","2":"type-post","3":"status-publish","4":"format-standard","5":"has-post-thumbnail","7":"category-novelas","8":"category-sbt","9":"category-televisao","10":"tag-resumo-do-dia"},"_links":{"self":[{"href":"https:\/\/migracao.redenoticia.com.br\/noticia\/wp-json\/wp\/v2\/posts\/85628","targetHints":{"allow":["GET"]}}],"collection":[{"href":"https:\/\/migracao.redenoticia.com.br\/noticia\/wp-json\/wp\/v2\/posts"}],"about":[{"href":"https:\/\/migracao.redenoticia.com.br\/noticia\/wp-json\/wp\/v2\/types\/post"}],"author":[{"embeddable":true,"href":"https:\/\/migracao.redenoticia.com.br\/noticia\/wp-json\/wp\/v2\/users\/2"}],"replies":[{"embeddable":true,"href":"https:\/\/migracao.redenoticia.com.br\/noticia\/wp-json\/wp\/v2\/comments?post=85628"}],"version-history":[{"count":0,"href":"https:\/\/migracao.redenoticia.com.br\/noticia\/wp-json\/wp\/v2\/posts\/85628\/revisions"}],"wp:featuredmedia":[{"embeddable":true,"href":"https:\/\/migracao.redenoticia.com.br\/noticia\/wp-json\/wp\/v2\/media\/82119"}],"wp:attachment":[{"href":"https:\/\/migracao.redenoticia.com.br\/noticia\/wp-json\/wp\/v2\/media?parent=85628"}],"wp:term":[{"taxonomy":"category","embeddable":true,"href":"https:\/\/migracao.redenoticia.com.br\/noticia\/wp-json\/wp\/v2\/categories?post=85628"},{"taxonomy":"post_tag","embeddable":true,"href":"https:\/\/migracao.redenoticia.com.br\/noticia\/wp-json\/wp\/v2\/tags?post=85628"}],"curies":[{"name":"wp","href":"https:\/\/api.w.org\/{rel}","templated":true}]}}