{"id":85634,"date":"2016-05-04T18:07:17","date_gmt":"2016-05-04T21:07:17","guid":{"rendered":"http:\/\/www.redenoticia.com.br\/noticia\/?p=85634"},"modified":"2016-05-04T16:13:06","modified_gmt":"2016-05-04T19:13:06","slug":"novela-eta-mundo-bom-resumo-0505-filomena-e-expulsa-da-mansao","status":"publish","type":"post","link":"https:\/\/migracao.redenoticia.com.br\/noticia\/2016\/novela-eta-mundo-bom-resumo-0505-filomena-e-expulsa-da-mansao\/85634","title":{"rendered":"Novela \u201cEta Mundo Bom\u201d resumo 05\/05: Filomena \u00e9 expulsa da mans\u00e3o"},"content":{"rendered":"<p> <img loading=\"lazy\" decoding=\"async\" class=\"alignleft size-thumbnail wp-image-82131\" src=\"https:\/\/migracao.redenoticia.com.br\/noticia\/imagens\/eta_mundo_bom_globo_novela_resumo-150x112.jpg\" alt=\"eta_mundo_bom_globo_novela_resumo\" width=\"150\" height=\"112\" srcset=\"https:\/\/migracao.redenoticia.com.br\/noticia\/imagens\/eta_mundo_bom_globo_novela_resumo-150x112.jpg 150w, https:\/\/migracao.redenoticia.com.br\/noticia\/imagens\/eta_mundo_bom_globo_novela_resumo-265x198.jpg 265w\" sizes=\"auto, (max-width: 150px) 100vw, 150px\" \/><strong><em>Novela \u201cEta Mundo Bom\u201d resumo 05\/05<\/em><\/strong>: Filomena leva Fragoso at\u00e9 a fazenda de seus pais para compr\u00e1-la. A viagem \u00e9 cansativa, Fragoso n\u00e3o se sente bem e vem a falecer antes de assinar o contrato. Filomena se desespera e Mafalda a consola. Cunegundes insiste que Filomena compre a fazenda e In\u00e1cio os alerta sobre os filhos de Fragoso. Filomena volta para a capital e, ap\u00f3s o enterro do marido, lida com a ira dos enteados. N\u00e1dia e Perseu trocam a fechadura da porta da mans\u00e3o e ela e Clarice ficam na rua.  <\/p>\n<p>No capitulo 094(*), novela \u201cEta Mundo Bom\u201d, quinta-feira, 05 de maio \u2013 Filomena se desespera e Mafalda a consola. Cunegundes insiste que Filomena compre a fazenda e In\u00e1cio os alerta sobre os filhos de Fragoso. <\/p>\n<p>Diana aceita morar com Severo e segue as orienta\u00e7\u00f5es de Braz. Romeu se recusa a dan\u00e7ar com Sarita. Paulina exige que Ernesto n\u00e3o se aproxime de Sarita. Sandra inventa para Candinho que est\u00e1 confusa com seus sentimentos. <\/p>\n<p>Anast\u00e1cia anuncia que registrou Candinho em seu nome. Sandra revela a Anast\u00e1cia que Candinho a beijou. N\u00e1dia e Perseu expulsam Filomena e Clarice da mans\u00e3o de Fragoso.<\/p>\n<p>(*) edi\u00e7\u00e3o da Rede Globo, Novela \u201cEta Mundo Bom\u201d, sujeito a altera\u00e7\u00e3o de data e conte\u00fado.<\/p>\n","protected":false},"excerpt":{"rendered":"<p>Novela \u201cEta Mundo Bom\u201d resumo 05\/05: Filomena leva Fragoso at\u00e9 a fazenda de seus pais para compr\u00e1-la. A viagem \u00e9 cansativa, Fragoso n\u00e3o se sente bem e vem a falecer antes de assinar o contrato. Filomena se desespera e Mafalda a consola. Cunegundes insiste que Filomena compre a fazenda e In\u00e1cio os alerta sobre os [&hellip;]<\/p>\n","protected":false},"author":2,"featured_media":82131,"comment_status":"open","ping_status":"closed","sticky":false,"template":"","format":"standard","meta":{"tdm_status":"","tdm_grid_status":"","footnotes":""},"categories":[379,375,343],"tags":[441],"class_list":{"0":"post-85634","1":"post","2":"type-post","3":"status-publish","4":"format-standard","5":"has-post-thumbnail","7":"category-novelas","8":"category-rede-globo","9":"category-televisao","10":"tag-resumo-do-dia"},"_links":{"self":[{"href":"https:\/\/migracao.redenoticia.com.br\/noticia\/wp-json\/wp\/v2\/posts\/85634","targetHints":{"allow":["GET"]}}],"collection":[{"href":"https:\/\/migracao.redenoticia.com.br\/noticia\/wp-json\/wp\/v2\/posts"}],"about":[{"href":"https:\/\/migracao.redenoticia.com.br\/noticia\/wp-json\/wp\/v2\/types\/post"}],"author":[{"embeddable":true,"href":"https:\/\/migracao.redenoticia.com.br\/noticia\/wp-json\/wp\/v2\/users\/2"}],"replies":[{"embeddable":true,"href":"https:\/\/migracao.redenoticia.com.br\/noticia\/wp-json\/wp\/v2\/comments?post=85634"}],"version-history":[{"count":0,"href":"https:\/\/migracao.redenoticia.com.br\/noticia\/wp-json\/wp\/v2\/posts\/85634\/revisions"}],"wp:featuredmedia":[{"embeddable":true,"href":"https:\/\/migracao.redenoticia.com.br\/noticia\/wp-json\/wp\/v2\/media\/82131"}],"wp:attachment":[{"href":"https:\/\/migracao.redenoticia.com.br\/noticia\/wp-json\/wp\/v2\/media?parent=85634"}],"wp:term":[{"taxonomy":"category","embeddable":true,"href":"https:\/\/migracao.redenoticia.com.br\/noticia\/wp-json\/wp\/v2\/categories?post=85634"},{"taxonomy":"post_tag","embeddable":true,"href":"https:\/\/migracao.redenoticia.com.br\/noticia\/wp-json\/wp\/v2\/tags?post=85634"}],"curies":[{"name":"wp","href":"https:\/\/api.w.org\/{rel}","templated":true}]}}