{"id":85638,"date":"2016-05-04T20:18:06","date_gmt":"2016-05-04T23:18:06","guid":{"rendered":"http:\/\/www.redenoticia.com.br\/noticia\/?p=85638"},"modified":"2016-05-04T16:21:50","modified_gmt":"2016-05-04T19:21:50","slug":"novela-velho-chico-resumo-0505-encarnacao-planeja-revelar-segredo","status":"publish","type":"post","link":"https:\/\/migracao.redenoticia.com.br\/noticia\/2016\/novela-velho-chico-resumo-0505-encarnacao-planeja-revelar-segredo\/85638","title":{"rendered":"Novela \u201cVelho Chico\u201d resumo 05\/05: Encarna\u00e7\u00e3o planeja revelar segredo"},"content":{"rendered":"<p> <img loading=\"lazy\" decoding=\"async\" class=\"alignleft size-thumbnail wp-image-82169\" src=\"https:\/\/migracao.redenoticia.com.br\/noticia\/imagens\/velho_chico_novela_resumo_globo-150x112.jpg\" alt=\"velho_chico_novela_resumo_globo\" width=\"150\" height=\"112\" srcset=\"https:\/\/migracao.redenoticia.com.br\/noticia\/imagens\/velho_chico_novela_resumo_globo-150x112.jpg 150w, https:\/\/migracao.redenoticia.com.br\/noticia\/imagens\/velho_chico_novela_resumo_globo-265x198.jpg 265w\" sizes=\"auto, (max-width: 150px) 100vw, 150px\" \/><strong><em>Novela \u201cVelho Chico\u201d resumo 05\/05<\/em><\/strong>: ap\u00f3s sonhar com seu neto, Encarna\u00e7\u00e3o se prepara para encontr\u00e1-lo, e tamb\u00e9m, para a sua partida. Ela diz para Doninha que as m\u00e1scaras v\u00e3o cair e avisa que vai revelar toda a verdade para a fam\u00edlia antes de morrer. Mais tarde, Doninha, em conversa com Tereza, afirma que Martim saiu de casa em busca da felicidade. Mal sabem elas que Martim est\u00e1 pr\u00f3ximo. O rapaz encontra a fazenda de seus av\u00f3s maternos e resolve se estabelecer ali.<\/p>\n<p>No capitulo 046 (*), novela \u201cVelho Chico\u201d, quinta-feira, 05 de maio \u2013 Encarna\u00e7\u00e3o avisa a Doninha que revelar\u00e1 verdades para a fam\u00edlia antes de morrer. Carlos Eduardo discute com Tereza por ci\u00fame de Santo. <\/p>\n<p>Ol\u00edvia e Lucas comemoram a retomada da cooperativa com Santo \u00e0 frente da organiza\u00e7\u00e3o. Afr\u00e2nio nega o pedido de Iolanda para reabrir a capela da fazenda. Martim decide ficar nas terras que eram da fam\u00edlia de Leonor. <\/p>\n<p>Carlos Eduardo alerta Afr\u00e2nio sobre os ideais de Miguel e Tereza ouve. Doninha afirma a Tereza que Martim saiu de casa em busca da felicidade. <\/p>\n<p>(*) edi\u00e7\u00e3o da Rede Globo, Novela \u201cVelho Chico\u201d, sujeito a altera\u00e7\u00e3o de data e conte\u00fado.<\/p>\n","protected":false},"excerpt":{"rendered":"<p>Novela \u201cVelho Chico\u201d resumo 05\/05: ap\u00f3s sonhar com seu neto, Encarna\u00e7\u00e3o se prepara para encontr\u00e1-lo, e tamb\u00e9m, para a sua partida. Ela diz para Doninha que as m\u00e1scaras v\u00e3o cair e avisa que vai revelar toda a verdade para a fam\u00edlia antes de morrer. Mais tarde, Doninha, em conversa com Tereza, afirma que Martim saiu [&hellip;]<\/p>\n","protected":false},"author":2,"featured_media":82169,"comment_status":"open","ping_status":"closed","sticky":false,"template":"","format":"standard","meta":{"tdm_status":"","tdm_grid_status":"","footnotes":""},"categories":[379,375,343],"tags":[441],"class_list":{"0":"post-85638","1":"post","2":"type-post","3":"status-publish","4":"format-standard","5":"has-post-thumbnail","7":"category-novelas","8":"category-rede-globo","9":"category-televisao","10":"tag-resumo-do-dia"},"_links":{"self":[{"href":"https:\/\/migracao.redenoticia.com.br\/noticia\/wp-json\/wp\/v2\/posts\/85638","targetHints":{"allow":["GET"]}}],"collection":[{"href":"https:\/\/migracao.redenoticia.com.br\/noticia\/wp-json\/wp\/v2\/posts"}],"about":[{"href":"https:\/\/migracao.redenoticia.com.br\/noticia\/wp-json\/wp\/v2\/types\/post"}],"author":[{"embeddable":true,"href":"https:\/\/migracao.redenoticia.com.br\/noticia\/wp-json\/wp\/v2\/users\/2"}],"replies":[{"embeddable":true,"href":"https:\/\/migracao.redenoticia.com.br\/noticia\/wp-json\/wp\/v2\/comments?post=85638"}],"version-history":[{"count":0,"href":"https:\/\/migracao.redenoticia.com.br\/noticia\/wp-json\/wp\/v2\/posts\/85638\/revisions"}],"wp:featuredmedia":[{"embeddable":true,"href":"https:\/\/migracao.redenoticia.com.br\/noticia\/wp-json\/wp\/v2\/media\/82169"}],"wp:attachment":[{"href":"https:\/\/migracao.redenoticia.com.br\/noticia\/wp-json\/wp\/v2\/media?parent=85638"}],"wp:term":[{"taxonomy":"category","embeddable":true,"href":"https:\/\/migracao.redenoticia.com.br\/noticia\/wp-json\/wp\/v2\/categories?post=85638"},{"taxonomy":"post_tag","embeddable":true,"href":"https:\/\/migracao.redenoticia.com.br\/noticia\/wp-json\/wp\/v2\/tags?post=85638"}],"curies":[{"name":"wp","href":"https:\/\/api.w.org\/{rel}","templated":true}]}}