{"id":8564,"date":"2009-08-13T17:10:55","date_gmt":"2009-08-13T21:10:55","guid":{"rendered":"http:\/\/www.redenoticia.com.br\/noticia\/?p=8564"},"modified":"2009-08-17T15:06:24","modified_gmt":"2009-08-17T19:06:24","slug":"acidente-de-consumo-com-chapinha-de-cabelo","status":"publish","type":"post","link":"https:\/\/migracao.redenoticia.com.br\/noticia\/2009\/acidente-de-consumo-com-chapinha-de-cabelo\/8564","title":{"rendered":"Acidente de consumo com chapinha de cabelo"},"content":{"rendered":"<p>A morte de uma adolescente em Pernambuco que estaria usando chapinha para alisar o cabelo chama aten\u00e7\u00e3o para o \u00faltimo teste realizado pela PRO TESTE (divulgado em abril) que detectou falta de seguran\u00e7a em quase todos os produtos testados.\u00a0Ingrid Regina da Paix\u00e3o Silva, de 12 anos de idade, morreu\u00a0 e foi enterrada hoje, depois de receber uma descarga el\u00e9trica enquanto usava uma chapinha de cabelo.<\/p>\n<p>No teste das chapinhas foram analisadas seis pranchas de modelar cabelos e se constatou que\u00a0\u00a0cinco delas oferecem risco aos consumidores.Falta seguran\u00e7a el\u00e9trica e t\u00e9rmica. Apesar de notifica\u00e7\u00e3o \u00e0s autoridades nada foi feito. Os aparelhos continuam perigosos.<\/p>\n<p>Por isso, a PRO TESTE vai notificar novamente o Inmetro e pedir que ele passe a regulamentar e certificar as chapas de cabelo. Nas an\u00e1lises tamb\u00e9m foi encontrado\u00a0\u00a0um produto com plugue que permite acesso a partes vivas, aumentando a possibilidade de choque.<\/p>\n<p>A PRO TESTE\u00a0\u00a0espera conhecer a marca do produto utilizado pela adolescente para notificar o\u00a0\u00a0fabricante do produto, pois o ocorrido pode se configurar em acidente\u00a0 de consumo. O acidente de consumo, segundo estabelece o C\u00f3digo de Defesa do Consumidor, ocorre quando um produto (ou servi\u00e7o) por apresentar defeito, causa danos \u00e0 sa\u00fade ou \u00e0 seguran\u00e7a do consumidor, mesmo que utilizado corretamente. Os casos incluem intoxica\u00e7\u00e3o ou contamina\u00e7\u00e3o causadas por alimento, rem\u00e9dios e produtos de higiene, al\u00e9m de choques com eletrodom\u00e9sticos,\u00a0 acidentes com ve\u00edculos defeituosos, entre outros.<\/p>\n<p>O acidente de consumo atinge a seguran\u00e7a, a integridade f\u00edsica do consumidor ou sua sa\u00fade: o preju\u00edzo do consumidor ultrapassa o v\u00edcio do produto e abrange todos os danos materiais e morais sofridos, como os gastos m\u00e9dicos para o restabelecimento da sa\u00fade da v\u00edtima do acidente, o conserto do produto envolvido, al\u00e9m da dor causada pela eventual morte de uma v\u00edtima, etc. Considera-se tamb\u00e9m acidente de consumo o dano causado ao consumidor em raz\u00e3o da falta ou da inadequa\u00e7\u00e3o das informa\u00e7\u00f5es a respeito do produto ou do servi\u00e7o.<\/p>\n<p>Este \u00e9 um exemplo da falta que faz um cadastro de acidentes de consumo pelo qual a PRO TESTE se mobiliza. A Associa\u00e7\u00e3o de Consumidores e a Associa\u00e7\u00e3o M\u00e9dica Brasileira (AMB)\u00a0\u00a0t\u00eam feito trabalho conjunto para conscientizar a sociedade, e sensibilizar o Congresso Nacional a criar um sistema nacional de notifica\u00e7\u00e3o de acidentes de consumo (Sinac).<\/p>\n<p>Na C\u00e2mara Federal est\u00e1 em tramita\u00e7\u00e3o projeto\u00a0\u00a0que obriga a cria\u00e7\u00e3o de um cadastro dos acidentes de consumo. O objetivo \u00e9 mapear as principais causas geradoras de acidentes de consumo e orientar os consumidores e as empresas na adequa\u00e7\u00e3o e no uso de produtos e servi\u00e7os para reduzir a incid\u00eancia desses acidentes.<\/p>\n<p>Em algumas cidades (como Campinas e S\u00e3o Paulo) j\u00e1 est\u00e3o sendo feitas leis para obrigar os hospitais a notificarem tais acidentes o que agilizaria para exigir dos fornecedores medidas para \u00a0aperfei\u00e7oar os produtos com defeitos\u00a0 e evitar novas ocorr\u00eancias.<\/p>\n<p>No \u00faltimo teste de pranchas feito pela PRO TESTE o\u00a0\u00a0\u00fanico produto n\u00e3o eliminado foi o NKS TS-550, mas ele n\u00e3o pode ser recomendado, pois pode danificar o cabelo. Ele pode ser uma op\u00e7\u00e3o para uso da chapinha ocasionalmente. Em rela\u00e7\u00e3o \u00e0 seguran\u00e7a el\u00e9trica,o\u00a0<a href=\"http:\/\/GA.MA\" target=\"_blank\">GA.MA<\/a> Italy, o Taiff e o Remington foram eliminados. Os dois primeiros por falhas no isolamento, que permite fuga de corrente. Se ocorrer um pico de tens\u00e3o na rede el\u00e9trica enquanto se estiver usando o aparelho, pode se levar um choque. Se o uso for em um local \u00famido, como um banheiro, o risco de um choque \u00e9 ainda maior. J\u00e1 o Remington, permite o acesso a partes vivas \u2013o consumidor pode encostar o dedo no plugue ao inser\u00ed-lo ou retir\u00e1-lo da tomada.<\/p>\n<p>Fonte: Assessoria<\/p>\n<p>Na seguran\u00e7a t\u00e9rmica, quase todos foram eliminados. S\u00f3 se salvaram o\u00a0<a href=\"http:\/\/GA.MA\" target=\"_blank\">GA.MA<\/a> e o NKS.Em materiais pl\u00e1sticos, a temperatura de 94oC j\u00e1 \u00e9 suficiente para causar, em um segundo de contato com a pessoa, uma queimadura. E todos os produtos eliminados nesta etapa do teste apresentaram mais de 100oC na lateral pl\u00e1stica do aparelho. Voc\u00ea pode facilmente se queimar, seja na m\u00e3o, na orelha, na nuca ou na testa.<\/p>\n<p>A PRO TESTE h\u00e1 muito luta para que os fabricantes alterem seus plugues de maneira que n\u00e3o seja mais t\u00e3o f\u00e1cil levar um choque ao conect\u00e1- los \u00e0 tomada. Agora, j\u00e1 existe um padr\u00e3o estipulado,mas os fabricantes t\u00eam at\u00e9 janeiro de 2010 para adaptar seus<\/p>\n<p>produtos. Por\u00e9m, por ser uma mudan\u00e7a t\u00e3o importante para a seguran\u00e7a do consumidor, eles n\u00e3o deveriam esperar.<\/p>\n","protected":false},"excerpt":{"rendered":"<p>A morte de uma adolescente em Pernambuco que estaria usando chapinha para alisar o cabelo chama aten\u00e7\u00e3o para o \u00faltimo teste realizado pela PRO TESTE (divulgado em abril) que detectou falta de seguran\u00e7a em quase todos os produtos testados.\u00a0Ingrid Regina da Paix\u00e3o Silva, de 12 anos de idade, morreu\u00a0 e foi enterrada hoje, depois de [&hellip;]<\/p>\n","protected":false},"author":2,"featured_media":0,"comment_status":"open","ping_status":"open","sticky":false,"template":"","format":"standard","meta":{"tdm_status":"","tdm_grid_status":"","footnotes":""},"categories":[22],"tags":[],"class_list":{"0":"post-8564","1":"post","2":"type-post","3":"status-publish","4":"format-standard","6":"category-brasil"},"_links":{"self":[{"href":"https:\/\/migracao.redenoticia.com.br\/noticia\/wp-json\/wp\/v2\/posts\/8564","targetHints":{"allow":["GET"]}}],"collection":[{"href":"https:\/\/migracao.redenoticia.com.br\/noticia\/wp-json\/wp\/v2\/posts"}],"about":[{"href":"https:\/\/migracao.redenoticia.com.br\/noticia\/wp-json\/wp\/v2\/types\/post"}],"author":[{"embeddable":true,"href":"https:\/\/migracao.redenoticia.com.br\/noticia\/wp-json\/wp\/v2\/users\/2"}],"replies":[{"embeddable":true,"href":"https:\/\/migracao.redenoticia.com.br\/noticia\/wp-json\/wp\/v2\/comments?post=8564"}],"version-history":[{"count":0,"href":"https:\/\/migracao.redenoticia.com.br\/noticia\/wp-json\/wp\/v2\/posts\/8564\/revisions"}],"wp:attachment":[{"href":"https:\/\/migracao.redenoticia.com.br\/noticia\/wp-json\/wp\/v2\/media?parent=8564"}],"wp:term":[{"taxonomy":"category","embeddable":true,"href":"https:\/\/migracao.redenoticia.com.br\/noticia\/wp-json\/wp\/v2\/categories?post=8564"},{"taxonomy":"post_tag","embeddable":true,"href":"https:\/\/migracao.redenoticia.com.br\/noticia\/wp-json\/wp\/v2\/tags?post=8564"}],"curies":[{"name":"wp","href":"https:\/\/api.w.org\/{rel}","templated":true}]}}