{"id":85640,"date":"2016-05-05T15:50:04","date_gmt":"2016-05-05T18:50:04","guid":{"rendered":"http:\/\/www.redenoticia.com.br\/noticia\/?p=85640"},"modified":"2016-05-05T15:50:04","modified_gmt":"2016-05-05T18:50:04","slug":"novela-liberdade-liberdade-resumo-0605-branca-e-chantageada-por-malena","status":"publish","type":"post","link":"https:\/\/migracao.redenoticia.com.br\/noticia\/2016\/novela-liberdade-liberdade-resumo-0605-branca-e-chantageada-por-malena\/85640","title":{"rendered":"Novela \u201cLiberdade, Liberdade\u201d resumo 06\/05: Branca \u00e9 chantageada por Malena"},"content":{"rendered":"<p> <img loading=\"lazy\" decoding=\"async\" class=\"alignleft size-thumbnail wp-image-84052\" src=\"https:\/\/migracao.redenoticia.com.br\/noticia\/imagens\/novela_liberdade_globo_resumo-150x112.jpg\" alt=\"novela_liberdade_globo_resumo\" width=\"150\" height=\"112\" srcset=\"https:\/\/migracao.redenoticia.com.br\/noticia\/imagens\/novela_liberdade_globo_resumo-150x112.jpg 150w, https:\/\/migracao.redenoticia.com.br\/noticia\/imagens\/novela_liberdade_globo_resumo-265x198.jpg 265w\" sizes=\"auto, (max-width: 150px) 100vw, 150px\" \/><strong><em>Novela \u201cLiberdade, Liberdade\u201d resumo 06\/05:<\/em><\/strong> depois de ter sua primeira vez com Xavier, Branca est\u00e1 toda faceira e sonha  com o dia em que finalmente vai subir ao altar com o noivo. No entanto, a escrava Malena aparece para estragar sua alegria. Furiosa, ela amea\u00e7a colocar Malena no tronco. No entanto, a escrava a amea\u00e7a e diz que mostra a todos o len\u00e7ol manchado de sangue, que comprova que Branca n\u00e3o \u00e9 mais donzela. A noiva de Xavier parte para a viol\u00eancia e d\u00e1 um tapa na cara da mucama, que n\u00e3o se abala. Luzia nota que a escrava usa objetos que pertencem \u00e0 sua filha e questiona Branca. Sem sa\u00edda, Branca admite ser chantageada pela escrava. A m\u00e3e pergunta o que Malena tem contra ela e Branca confessa que passou a noite com Xavier. Mais tarde, Branca procura Xavier, revela que est\u00e1 sendo chantageada e afirma que eles devem se casar logo.<\/p>\n<p>No capitulo 016 (*), novela \u201cLiberdade, Liberdade\u201d, sexta-feira, 06 de maio \u2013 Xavier fica encantado com Rosa\/Joaquina. Rubi\u00e3o d\u00e1 ordens a Tolentino para encontrar os conspiradores. <\/p>\n<p>Dion\u00edsia pretende arranjar um casamento para Andr\u00e9. Rubi\u00e3o descobre onde Taveira guardou o ouro roubado de Raposo. Anita desconfia do ouro que encontra com Rubi\u00e3o. Branca revela a Xavier que est\u00e1 sendo chantageada e afirma que eles devem se casar logo. <\/p>\n<p>Bertoleza insinua que Rosa\/Joaquina esteja interessada em Xavier. Rubi\u00e3o finge ajudar Virg\u00ednia para conseguir a aten\u00e7\u00e3o de Rosa\/Joaquina.<\/p>\n<p>(*) edi\u00e7\u00e3o da Rede Globo, Novela \u201cLiberdade, Liberdade\u201d, sujeito a altera\u00e7\u00e3o de data e conte\u00fado. <\/p>\n","protected":false},"excerpt":{"rendered":"<p>Novela \u201cLiberdade, Liberdade\u201d resumo 06\/05: depois de ter sua primeira vez com Xavier, Branca est\u00e1 toda faceira e sonha com o dia em que finalmente vai subir ao altar com o noivo. No entanto, a escrava Malena aparece para estragar sua alegria. Furiosa, ela amea\u00e7a colocar Malena no tronco. No entanto, a escrava a amea\u00e7a [&hellip;]<\/p>\n","protected":false},"author":2,"featured_media":84052,"comment_status":"open","ping_status":"closed","sticky":false,"template":"","format":"standard","meta":{"tdm_status":"","tdm_grid_status":"","footnotes":""},"categories":[379,375,343],"tags":[441],"class_list":{"0":"post-85640","1":"post","2":"type-post","3":"status-publish","4":"format-standard","5":"has-post-thumbnail","7":"category-novelas","8":"category-rede-globo","9":"category-televisao","10":"tag-resumo-do-dia"},"_links":{"self":[{"href":"https:\/\/migracao.redenoticia.com.br\/noticia\/wp-json\/wp\/v2\/posts\/85640","targetHints":{"allow":["GET"]}}],"collection":[{"href":"https:\/\/migracao.redenoticia.com.br\/noticia\/wp-json\/wp\/v2\/posts"}],"about":[{"href":"https:\/\/migracao.redenoticia.com.br\/noticia\/wp-json\/wp\/v2\/types\/post"}],"author":[{"embeddable":true,"href":"https:\/\/migracao.redenoticia.com.br\/noticia\/wp-json\/wp\/v2\/users\/2"}],"replies":[{"embeddable":true,"href":"https:\/\/migracao.redenoticia.com.br\/noticia\/wp-json\/wp\/v2\/comments?post=85640"}],"version-history":[{"count":0,"href":"https:\/\/migracao.redenoticia.com.br\/noticia\/wp-json\/wp\/v2\/posts\/85640\/revisions"}],"wp:featuredmedia":[{"embeddable":true,"href":"https:\/\/migracao.redenoticia.com.br\/noticia\/wp-json\/wp\/v2\/media\/84052"}],"wp:attachment":[{"href":"https:\/\/migracao.redenoticia.com.br\/noticia\/wp-json\/wp\/v2\/media?parent=85640"}],"wp:term":[{"taxonomy":"category","embeddable":true,"href":"https:\/\/migracao.redenoticia.com.br\/noticia\/wp-json\/wp\/v2\/categories?post=85640"},{"taxonomy":"post_tag","embeddable":true,"href":"https:\/\/migracao.redenoticia.com.br\/noticia\/wp-json\/wp\/v2\/tags?post=85640"}],"curies":[{"name":"wp","href":"https:\/\/api.w.org\/{rel}","templated":true}]}}