{"id":85664,"date":"2016-05-05T10:06:59","date_gmt":"2016-05-05T13:06:59","guid":{"rendered":"http:\/\/www.redenoticia.com.br\/noticia\/?p=85664"},"modified":"2016-05-04T19:08:18","modified_gmt":"2016-05-04T22:08:18","slug":"ministerio-da-saude-confirma-1-271-casos-de-microcefalia-no-pais","status":"publish","type":"post","link":"https:\/\/migracao.redenoticia.com.br\/noticia\/2016\/ministerio-da-saude-confirma-1-271-casos-de-microcefalia-no-pais\/85664","title":{"rendered":"Minist\u00e9rio da Sa\u00fade confirma 1.271 casos de microcefalia no pa\u00eds"},"content":{"rendered":"<p> O Minist\u00e9rio da Sa\u00fade confirmou que, at\u00e9 dia 30 de abril, 1.271 beb\u00eas nasceram com <strong><em>microcefalia<\/em><\/strong> e outras altera\u00e7\u00f5es do sistema nervoso por causas infecciosas em todo o pa\u00eds. Foram notificados 7.343 casos suspeitos, dos quais 2.492 descartados e 3.580 est\u00e3o em investiga\u00e7\u00e3o para diagn\u00f3stico conclusivo. Os dados s\u00e3o de registros feitos a partir de outubro de 2015, quando a microcefalia come\u00e7ou a ter notifica\u00e7\u00e3o obrigat\u00f3ria pelo minist\u00e9rio.<\/p>\n<p>Mosquito Aedes aegypti<br \/>\nTransmitido pelo Aedes aegypti, o v\u00edrus Zika come\u00e7ou a circular no Brasil em 2014Arquivo\/Ag\u00eancia Brasil<br \/>\nA microcefalia \u00e9 uma malforma\u00e7\u00e3o cong\u00eanita, em que o c\u00e9rebro n\u00e3o se desenvolve de maneira adequada. Al\u00e9m da microcefalia, j\u00e1 se sabe que a infec\u00e7\u00e3o pelo v\u00edrus Zika em gestantes tamb\u00e9m pode ocasionar problemas na vis\u00e3o, no cora\u00e7\u00e3o e outros problemas neurol\u00f3gicos no feto.<\/p>\n<p>A microcefalia pode ser causada por diversos agentes infecciosos al\u00e9m do Zika, como s\u00edfilis, toxoplasmose, rub\u00e9ola, citomegalov\u00edrus e herpes viral.<\/p>\n<p>Dos casos confirmados, 203 tiveram confirma\u00e7\u00e3o laboratorial para o v\u00edrus Zika. No entanto, o Minist\u00e9rio da Sa\u00fade destacou que esse dado reflete um n\u00famero inferior \u00e0 totalidade do n\u00famero de casos relacionados ao v\u00edrus. Para o minist\u00e9rio, a maior parte dos casos foi causada pelo Zika, mas isso n\u00e3o foi comprovado em laborat\u00f3rio.<\/p>\n<p>Zika<\/p>\n<p>Transmitido por um mosquito j\u00e1 bem conhecido dos brasileiros, o Aedes aegypti, o v\u00edrus Zika come\u00e7ou a circular no Brasil em 2014, mas teve os primeiros registros feitos pelo Minist\u00e9rio da Sa\u00fade em maio de 2015. O que se sabia sobre a doen\u00e7a, at\u00e9 o segundo semestre do ano passado, era que sua evolu\u00e7\u00e3o \u00e9 benigna e que os sintomas s\u00e3o mais leves do que os da dengue e da febre chikungunya, tamb\u00e9m transmitidas pelo mesmo mosquito.<\/p>\n<p>Por\u00e9m, no dia 28 de novembro de 2015, o Minist\u00e9rio da Sa\u00fade confirmou que, quando gestantes s\u00e3o infectadas pelo v\u00edrus, podem gerar crian\u00e7as com microcefalia, uma malforma\u00e7\u00e3o irrevers\u00edvel do c\u00e9rebro, que pode vir associada a danos mentais, visuais e auditivos. Pesquisadores confirmaram que a S\u00edndrome de Guillain-Barr\u00e9 tamb\u00e9m pode ser ocasionada pelo Zika. <\/p>\n<p>A chegada do v\u00edrus ao Brasil elevou o n\u00famero de nascimentos de crian\u00e7as com microcefalia de 147, em 2014, para pelo menos 1.271 casos de outubro do ano passado a 30 de abril deste ano.<\/p>\n<p>Aline Leal &#8211; Rep\u00f3rter da Ag\u00eancia Brasil<br \/>\nEdi\u00e7\u00e3o: Armando Cardoso<br \/>\n05\/05\/2016<\/p>\n","protected":false},"excerpt":{"rendered":"<p>O Minist\u00e9rio da Sa\u00fade confirmou que, at\u00e9 dia 30 de abril, 1.271 beb\u00eas nasceram com microcefalia e outras altera\u00e7\u00f5es do sistema nervoso por causas infecciosas em todo o pa\u00eds. Foram notificados 7.343 casos suspeitos, dos quais 2.492 descartados e 3.580 est\u00e3o em investiga\u00e7\u00e3o para diagn\u00f3stico conclusivo. Os dados s\u00e3o de registros feitos a partir de [&hellip;]<\/p>\n","protected":false},"author":2,"featured_media":57579,"comment_status":"open","ping_status":"closed","sticky":false,"template":"","format":"standard","meta":{"tdm_status":"","tdm_grid_status":"","footnotes":""},"categories":[22,5],"tags":[],"class_list":{"0":"post-85664","1":"post","2":"type-post","3":"status-publish","4":"format-standard","5":"has-post-thumbnail","7":"category-brasil","8":"category-saude-e-vida"},"_links":{"self":[{"href":"https:\/\/migracao.redenoticia.com.br\/noticia\/wp-json\/wp\/v2\/posts\/85664","targetHints":{"allow":["GET"]}}],"collection":[{"href":"https:\/\/migracao.redenoticia.com.br\/noticia\/wp-json\/wp\/v2\/posts"}],"about":[{"href":"https:\/\/migracao.redenoticia.com.br\/noticia\/wp-json\/wp\/v2\/types\/post"}],"author":[{"embeddable":true,"href":"https:\/\/migracao.redenoticia.com.br\/noticia\/wp-json\/wp\/v2\/users\/2"}],"replies":[{"embeddable":true,"href":"https:\/\/migracao.redenoticia.com.br\/noticia\/wp-json\/wp\/v2\/comments?post=85664"}],"version-history":[{"count":0,"href":"https:\/\/migracao.redenoticia.com.br\/noticia\/wp-json\/wp\/v2\/posts\/85664\/revisions"}],"wp:featuredmedia":[{"embeddable":true,"href":"https:\/\/migracao.redenoticia.com.br\/noticia\/wp-json\/wp\/v2\/media\/57579"}],"wp:attachment":[{"href":"https:\/\/migracao.redenoticia.com.br\/noticia\/wp-json\/wp\/v2\/media?parent=85664"}],"wp:term":[{"taxonomy":"category","embeddable":true,"href":"https:\/\/migracao.redenoticia.com.br\/noticia\/wp-json\/wp\/v2\/categories?post=85664"},{"taxonomy":"post_tag","embeddable":true,"href":"https:\/\/migracao.redenoticia.com.br\/noticia\/wp-json\/wp\/v2\/tags?post=85664"}],"curies":[{"name":"wp","href":"https:\/\/api.w.org\/{rel}","templated":true}]}}