{"id":85689,"date":"2016-05-05T14:13:00","date_gmt":"2016-05-05T17:13:00","guid":{"rendered":"http:\/\/www.redenoticia.com.br\/noticia\/?p=85689"},"modified":"2016-05-05T14:13:00","modified_gmt":"2016-05-05T17:13:00","slug":"novela-a-mentira-resumo-0605-veronica-decide-impedir-o-casamento-de-joao","status":"publish","type":"post","link":"https:\/\/migracao.redenoticia.com.br\/noticia\/2016\/novela-a-mentira-resumo-0605-veronica-decide-impedir-o-casamento-de-joao\/85689","title":{"rendered":"Novela \u201cA Mentira\u201d resumo 06\/05: Ver\u00f4nica decide impedir o casamento de Jo\u00e3o"},"content":{"rendered":"<p> <img loading=\"lazy\" decoding=\"async\" class=\"alignleft size-thumbnail wp-image-83096\" src=\"https:\/\/migracao.redenoticia.com.br\/noticia\/imagens\/a_mentira_sbt_resumo_novela-150x112.jpg\" alt=\"a_mentira_sbt_resumo_novela\" width=\"150\" height=\"112\" srcset=\"https:\/\/migracao.redenoticia.com.br\/noticia\/imagens\/a_mentira_sbt_resumo_novela-150x112.jpg 150w, https:\/\/migracao.redenoticia.com.br\/noticia\/imagens\/a_mentira_sbt_resumo_novela-265x198.jpg 265w\" sizes=\"auto, (max-width: 150px) 100vw, 150px\" \/><strong><em>Novela \u201cA Mentira\u201d resumo 06\/05:<\/em><\/strong> chega o dia do casamento de Jo\u00e3o e Virg\u00ednia, e Sara se lembra de buscar o broche no cofre. Ela n\u00e3o encontra a j\u00f3ia dentro do estojo e fica preocupada. A culpa recai sobre a pobre governanta, Antonia. Come\u00e7a a cerim\u00f4nia de casamento e Ver\u00f4nica entra na igreja, disposta a impedir o casamento. Ela \u00e9 impedida por Teodoro, que n\u00e3o permite tal atitude por parte da sobrinha.<\/p>\n<p>No capitulo 030(*), novela \u201cA Mentira\u201d, sexta-feira, 06 de maio \u2013 Ver\u00f4nica e Beatriz tentam conversar com a m\u00e3e de Carla, mas s\u00e3o expulsos da casa. Teodoro conta a Jo\u00e3o que Ver\u00f4nica abandonou Dem\u00e9trio. Jo\u00e3o diz que Ver\u00f4nica n\u00e3o o ama, por isso vai se casar com Virg\u00ednia. Chega o dia do casamento de Jo\u00e3o e Virg\u00ednia. <\/p>\n<p>Todos prontos, Sara se lembra de buscar o broche no cofre. Ela n\u00e3o encontra o broche dentro do estojo no cofre. Fica preocupada. A culpa recai sobre a pobre governanta, Antonia. Dem\u00e9trio mais uma vez quase cruza com Ver\u00f4nica no sagu\u00e3o do hotel. \u00c9 salva por Belot. Virg\u00ednia come\u00e7a a mostrar as garras para Teodoro antes de entrar na igreja. Um acidente de tr\u00e2nsito impede a passagem do carro com Ver\u00f4nica e Belot. <\/p>\n<p>Ela decide ir caminhando, pois est\u00e1 perto da igreja. Come\u00e7a a cerim\u00f4nia de casamento. Ver\u00f4nica entra na igreja disposta a impedir o casamento de Jo\u00e3o e Virg\u00ednia. \u00c9 impedida por Teodoro que n\u00e3o permite tal atitude por parte da sobrinha. Decepcionada, diz aos noivos que sejam felizes e sai da igreja, seguida por Dem\u00e9trio. <\/p>\n<p>(*) edi\u00e7\u00e3o do SBT, Novela \u201cA Mentira\u201d, sujeito a altera\u00e7\u00e3o de data e conte\u00fado.<\/p>\n","protected":false},"excerpt":{"rendered":"<p>Novela \u201cA Mentira\u201d resumo 06\/05: chega o dia do casamento de Jo\u00e3o e Virg\u00ednia, e Sara se lembra de buscar o broche no cofre. Ela n\u00e3o encontra a j\u00f3ia dentro do estojo e fica preocupada. A culpa recai sobre a pobre governanta, Antonia. Come\u00e7a a cerim\u00f4nia de casamento e Ver\u00f4nica entra na igreja, disposta a [&hellip;]<\/p>\n","protected":false},"author":2,"featured_media":83096,"comment_status":"open","ping_status":"closed","sticky":false,"template":"","format":"standard","meta":{"tdm_status":"","tdm_grid_status":"","footnotes":""},"categories":[379,372,343],"tags":[441],"class_list":{"0":"post-85689","1":"post","2":"type-post","3":"status-publish","4":"format-standard","5":"has-post-thumbnail","7":"category-novelas","8":"category-sbt","9":"category-televisao","10":"tag-resumo-do-dia"},"_links":{"self":[{"href":"https:\/\/migracao.redenoticia.com.br\/noticia\/wp-json\/wp\/v2\/posts\/85689","targetHints":{"allow":["GET"]}}],"collection":[{"href":"https:\/\/migracao.redenoticia.com.br\/noticia\/wp-json\/wp\/v2\/posts"}],"about":[{"href":"https:\/\/migracao.redenoticia.com.br\/noticia\/wp-json\/wp\/v2\/types\/post"}],"author":[{"embeddable":true,"href":"https:\/\/migracao.redenoticia.com.br\/noticia\/wp-json\/wp\/v2\/users\/2"}],"replies":[{"embeddable":true,"href":"https:\/\/migracao.redenoticia.com.br\/noticia\/wp-json\/wp\/v2\/comments?post=85689"}],"version-history":[{"count":0,"href":"https:\/\/migracao.redenoticia.com.br\/noticia\/wp-json\/wp\/v2\/posts\/85689\/revisions"}],"wp:featuredmedia":[{"embeddable":true,"href":"https:\/\/migracao.redenoticia.com.br\/noticia\/wp-json\/wp\/v2\/media\/83096"}],"wp:attachment":[{"href":"https:\/\/migracao.redenoticia.com.br\/noticia\/wp-json\/wp\/v2\/media?parent=85689"}],"wp:term":[{"taxonomy":"category","embeddable":true,"href":"https:\/\/migracao.redenoticia.com.br\/noticia\/wp-json\/wp\/v2\/categories?post=85689"},{"taxonomy":"post_tag","embeddable":true,"href":"https:\/\/migracao.redenoticia.com.br\/noticia\/wp-json\/wp\/v2\/tags?post=85689"}],"curies":[{"name":"wp","href":"https:\/\/api.w.org\/{rel}","templated":true}]}}