{"id":85693,"date":"2016-05-05T14:37:43","date_gmt":"2016-05-05T17:37:43","guid":{"rendered":"http:\/\/www.redenoticia.com.br\/noticia\/?p=85693"},"modified":"2016-05-05T14:37:43","modified_gmt":"2016-05-05T17:37:43","slug":"novela-abismo-da-paixao-resumo-0605-ramiro-da-os-pesames-a-lucio","status":"publish","type":"post","link":"https:\/\/migracao.redenoticia.com.br\/noticia\/2016\/novela-abismo-da-paixao-resumo-0605-ramiro-da-os-pesames-a-lucio\/85693","title":{"rendered":"Novela \u201cAbismo da Paix\u00e3o\u201d resumo 06\/05: Ramiro d\u00e1 os p\u00easames a Lucio"},"content":{"rendered":"<p> <img loading=\"lazy\" decoding=\"async\" class=\"alignleft size-thumbnail wp-image-81978\" src=\"https:\/\/migracao.redenoticia.com.br\/noticia\/imagens\/abismo_de_paixao_sbt_resumo_novela-150x112.jpg\" alt=\"abismo_de_paixao_sbt_resumo_novela\" width=\"150\" height=\"112\" srcset=\"https:\/\/migracao.redenoticia.com.br\/noticia\/imagens\/abismo_de_paixao_sbt_resumo_novela-150x112.jpg 150w, https:\/\/migracao.redenoticia.com.br\/noticia\/imagens\/abismo_de_paixao_sbt_resumo_novela-265x198.jpg 265w\" sizes=\"auto, (max-width: 150px) 100vw, 150px\" \/><strong><em>Novela \u201cAbismo da Paix\u00e3o\u201d resumo 06\/05<\/em><\/strong>: Dami\u00e3o informa Ramiro que vai ocupar o lugar de seu pai na processadora, e Lucio vai estar ao seu lado. Irritado por perder o poder, Ramiro ordena a Hor\u00e1cio que mate Lucio. Hor\u00e1cio segue Lucio e o v\u00ea entrar na casa de modas de Branca, mas n\u00e3o o v\u00ea sair. Ele coloca explosivos na loja. Minutos depois, ouvem- se explos\u00f5es e a casa de modas fica em chamas. Branca morre e Elisa se sente culpada por t\u00ea-la deixado s\u00f3. Dami\u00e3o a diz que ela n\u00e3o \u00e9 culpada de nada e tampouco poderia ter feito algo. Mais tarde, Br\u00e1ulio diz a Dami\u00e3o que os peritos disseram que o inc\u00eandio pode ter sido provocado. Ramiro chega ao vel\u00f3rio para dar os p\u00easames a Lucio, que grita que ele \u00e9 um assassino. Lucio diz a Dami\u00e3o que Gael est\u00e1 certo que Ramiro teve a ver com o inc\u00eandio porque o odeia. Dami\u00e3o responde que se fosse assim, o vitimado seria ele, j\u00e1 que Ramiro n\u00e3o tinha nada contra Branca. Lucio diz que Ramiro quis pegar aonde mais o doeria.<\/p>\n<p>No cap\u00edtulo 030 (*), novela \u201cAbismo da Paix\u00e3o\u201d, sexta-feira, 05 de maio \u2013 Branca morre e Elisa se sente culpada por t\u00ea-la deixado sozinha. Dami\u00e3o a diz que ela n\u00e3o \u00e9 culpada de nada e tampouco poderia ter feito algo. Dami\u00e3o diz a sua m\u00e3e que Branca morreu e que vai se encarregar de todos os gastos. Almerinda, zangada, responde que ele n\u00e3o tem nenhuma obriga\u00e7\u00e3o. Dami\u00e3o responde que, de todo modo, ir\u00e1 se encarregar disso. Flor\u00eancia pergunta a Almerinda porque a morte de Branca afetou tanto Dami\u00e3o. Almerinda responde que ele a conhece desde que era pequeno, e aconselha a acompanhar Dami\u00e3o no cortejo, pois Elisa era afilhada da falecida. Hor\u00e1cio diz a Ramiro que cumpriu com o trabalho que ele o deu, e agora ele precisa lhe dar o que prometeu. <\/p>\n<p>Ramiro, furioso, o sacode dizendo que quem morreu foi Branca, e n\u00e3o o dar\u00e1 nada. Ele ainda diz que caso ele abra a boca e conte o crime lhe dar\u00e1 algo que ele nunca se esquecer\u00e1. Paulo chega \u00e0 casa de Elisa e diz a Dolores que a casa de modas explodiu e uma mulher morreu. Elisa chega em casa, chorando, e diz a seu pai que sua madrinha acaba de falecer. Carmen sugere a Paulo que aproveite a oportunidade, pois Elisa est\u00e1 muito vulner\u00e1vel, j\u00e1 que Branca era muito importante pra ela. Br\u00e1ulio diz a Dami\u00e3o que os peritos disseram que o inc\u00eandio que resultou na morte de Branca pode ter sido provocado. Ramiro chega para dar os p\u00easames a Lucio, que grita que Ramiro \u00e9 um assassino. Lucio diz a Dami\u00e3o que Gael est\u00e1 certo que Ramiro teve a ver com o inc\u00eandio porque o odeia. Dami\u00e3o responde que se fosse assim, o vitimado seria Lucio, j\u00e1 que Ramiro n\u00e3o tinha nada contra Branca. Lucio contesta, dizendo que Ramiro quis pegar aonde mais o doeria. <\/p>\n<p>O Padre Lupe diz a Ramiro que respeite a dor de Lucio e v\u00e1 embora. Dolores tenta consolar Elisa, que a diz que em frente a seu padrinho teve de se mostrar forte, mas por dentro est\u00e1 em peda\u00e7os. Elisa diz que a morte de Branca \u00e9 como reviver a morte de sua m\u00e3e. Carmen recrimina Augusto por ter ido ao funeral de Branca. Augusto a responde que tinha o dever de ir, e que lamenta muito n\u00e3o t\u00ea-la escutado sobre o assunto que ela queria lhe falar. Paulo diz a Elisa que deseja lhe dar todo seu apoio. Carmen, muito feliz, fica pensando que foi uma grande sorte que Branca tenha levado seu segredo para o tumulo.  <\/p>\n<p>(*) edi\u00e7\u00e3o do SBT, Novela \u201cAbismo da Paix\u00e3o\u201d, sujeito a altera\u00e7\u00e3o de data e conte\u00fado.<\/p>\n","protected":false},"excerpt":{"rendered":"<p>Novela \u201cAbismo da Paix\u00e3o\u201d resumo 06\/05: Dami\u00e3o informa Ramiro que vai ocupar o lugar de seu pai na processadora, e Lucio vai estar ao seu lado. Irritado por perder o poder, Ramiro ordena a Hor\u00e1cio que mate Lucio. Hor\u00e1cio segue Lucio e o v\u00ea entrar na casa de modas de Branca, mas n\u00e3o o v\u00ea [&hellip;]<\/p>\n","protected":false},"author":2,"featured_media":81978,"comment_status":"open","ping_status":"closed","sticky":false,"template":"","format":"standard","meta":{"tdm_status":"","tdm_grid_status":"","footnotes":""},"categories":[379,372,343],"tags":[441],"class_list":{"0":"post-85693","1":"post","2":"type-post","3":"status-publish","4":"format-standard","5":"has-post-thumbnail","7":"category-novelas","8":"category-sbt","9":"category-televisao","10":"tag-resumo-do-dia"},"_links":{"self":[{"href":"https:\/\/migracao.redenoticia.com.br\/noticia\/wp-json\/wp\/v2\/posts\/85693","targetHints":{"allow":["GET"]}}],"collection":[{"href":"https:\/\/migracao.redenoticia.com.br\/noticia\/wp-json\/wp\/v2\/posts"}],"about":[{"href":"https:\/\/migracao.redenoticia.com.br\/noticia\/wp-json\/wp\/v2\/types\/post"}],"author":[{"embeddable":true,"href":"https:\/\/migracao.redenoticia.com.br\/noticia\/wp-json\/wp\/v2\/users\/2"}],"replies":[{"embeddable":true,"href":"https:\/\/migracao.redenoticia.com.br\/noticia\/wp-json\/wp\/v2\/comments?post=85693"}],"version-history":[{"count":0,"href":"https:\/\/migracao.redenoticia.com.br\/noticia\/wp-json\/wp\/v2\/posts\/85693\/revisions"}],"wp:featuredmedia":[{"embeddable":true,"href":"https:\/\/migracao.redenoticia.com.br\/noticia\/wp-json\/wp\/v2\/media\/81978"}],"wp:attachment":[{"href":"https:\/\/migracao.redenoticia.com.br\/noticia\/wp-json\/wp\/v2\/media?parent=85693"}],"wp:term":[{"taxonomy":"category","embeddable":true,"href":"https:\/\/migracao.redenoticia.com.br\/noticia\/wp-json\/wp\/v2\/categories?post=85693"},{"taxonomy":"post_tag","embeddable":true,"href":"https:\/\/migracao.redenoticia.com.br\/noticia\/wp-json\/wp\/v2\/tags?post=85693"}],"curies":[{"name":"wp","href":"https:\/\/api.w.org\/{rel}","templated":true}]}}