{"id":85701,"date":"2016-05-05T14:54:23","date_gmt":"2016-05-05T17:54:23","guid":{"rendered":"http:\/\/www.redenoticia.com.br\/noticia\/?p=85701"},"modified":"2016-05-05T14:54:23","modified_gmt":"2016-05-05T17:54:23","slug":"novela-anjo-mau-resumo-0605-marilu-provoca-demissao-de-simone","status":"publish","type":"post","link":"https:\/\/migracao.redenoticia.com.br\/noticia\/2016\/novela-anjo-mau-resumo-0605-marilu-provoca-demissao-de-simone\/85701","title":{"rendered":"Novela \u201cAnjo Mau\u201d resumo 06\/05: Maril\u00fa provoca demiss\u00e3o de Simone"},"content":{"rendered":"<p> <img loading=\"lazy\" decoding=\"async\" class=\"alignleft size-thumbnail wp-image-83094\" src=\"https:\/\/migracao.redenoticia.com.br\/noticia\/imagens\/anjo_mau_novela_resumo-150x112.jpg\" alt=\"anjo_mau_novela_resumo\" width=\"150\" height=\"112\" srcset=\"https:\/\/migracao.redenoticia.com.br\/noticia\/imagens\/anjo_mau_novela_resumo-150x112.jpg 150w, https:\/\/migracao.redenoticia.com.br\/noticia\/imagens\/anjo_mau_novela_resumo-265x198.jpg 265w\" sizes=\"auto, (max-width: 150px) 100vw, 150px\" \/><strong><em>Novela \u201cAnjo Mau\u201d resumo 06\/05<\/em><\/strong>: Augusto conversa com Simone e esta revela que \u00e9 filha de Tadeu. Augusto a obriga a contar a verdade a sua m\u00e3e. Goreti vai \u00e0 mans\u00e3o e, furiosa, chama Nice de falsa. Tadeu tira Goreti da frente da mans\u00e3o e eles discutem. Stela amea\u00e7a demitir Nice se ela esconder algum segredo de Tadeu. Mais tarde, Maril\u00fa vai \u00e0 loja em que Simone trabalha e faz um esc\u00e2ndalo. A garota \u00e9 demitida.<\/p>\n<p>No capitulo 030(*), novela \u201cAnjo Mau\u201d, sexta-feira, 06 de maio \u2013 Goreti chama Nice de falsa. Tadeu tira Goreti da frente da mans\u00e3o. Os dois discutem. Stela amea\u00e7a demitir Nice se ela esconder algum segredo de Tadeu. Rodrigo mente a L\u00edgia que ir\u00e1 ao Rio a neg\u00f3cios. <\/p>\n<p>Am\u00e9rico diz a Marilu que lhe dar\u00e1 a passagem para Paris. Vivian vai \u00e0 casa de Teresa levar not\u00edcias de Bruno e \u00e9 destratada. Ricardo defende Vivian e Paula n\u00e3o gosta. Lu\u00eds Carlos rompe o namoro com Simone. Goreti explica a Frederico que prefere ficar com a filha do que com ele. <\/p>\n<p>Rodrigo e Nice passeiam no Rio. Marilu faz um esc\u00e2ndalo na loja e Simone \u00e9 demitida. Paula conta pra Ligia que Rodrigo viajou com Nice.  <\/p>\n<p>(*) edi\u00e7\u00e3o da Rede Globo, Novela \u201cAnjo Mau\u201d, sujeito a altera\u00e7\u00e3o de data e conte\u00fado.<\/p>\n","protected":false},"excerpt":{"rendered":"<p>Novela \u201cAnjo Mau\u201d resumo 06\/05: Augusto conversa com Simone e esta revela que \u00e9 filha de Tadeu. Augusto a obriga a contar a verdade a sua m\u00e3e. Goreti vai \u00e0 mans\u00e3o e, furiosa, chama Nice de falsa. Tadeu tira Goreti da frente da mans\u00e3o e eles discutem. Stela amea\u00e7a demitir Nice se ela esconder algum [&hellip;]<\/p>\n","protected":false},"author":2,"featured_media":83094,"comment_status":"open","ping_status":"closed","sticky":false,"template":"","format":"standard","meta":{"tdm_status":"","tdm_grid_status":"","footnotes":""},"categories":[379,375,343],"tags":[441],"class_list":{"0":"post-85701","1":"post","2":"type-post","3":"status-publish","4":"format-standard","5":"has-post-thumbnail","7":"category-novelas","8":"category-rede-globo","9":"category-televisao","10":"tag-resumo-do-dia"},"_links":{"self":[{"href":"https:\/\/migracao.redenoticia.com.br\/noticia\/wp-json\/wp\/v2\/posts\/85701","targetHints":{"allow":["GET"]}}],"collection":[{"href":"https:\/\/migracao.redenoticia.com.br\/noticia\/wp-json\/wp\/v2\/posts"}],"about":[{"href":"https:\/\/migracao.redenoticia.com.br\/noticia\/wp-json\/wp\/v2\/types\/post"}],"author":[{"embeddable":true,"href":"https:\/\/migracao.redenoticia.com.br\/noticia\/wp-json\/wp\/v2\/users\/2"}],"replies":[{"embeddable":true,"href":"https:\/\/migracao.redenoticia.com.br\/noticia\/wp-json\/wp\/v2\/comments?post=85701"}],"version-history":[{"count":0,"href":"https:\/\/migracao.redenoticia.com.br\/noticia\/wp-json\/wp\/v2\/posts\/85701\/revisions"}],"wp:featuredmedia":[{"embeddable":true,"href":"https:\/\/migracao.redenoticia.com.br\/noticia\/wp-json\/wp\/v2\/media\/83094"}],"wp:attachment":[{"href":"https:\/\/migracao.redenoticia.com.br\/noticia\/wp-json\/wp\/v2\/media?parent=85701"}],"wp:term":[{"taxonomy":"category","embeddable":true,"href":"https:\/\/migracao.redenoticia.com.br\/noticia\/wp-json\/wp\/v2\/categories?post=85701"},{"taxonomy":"post_tag","embeddable":true,"href":"https:\/\/migracao.redenoticia.com.br\/noticia\/wp-json\/wp\/v2\/tags?post=85701"}],"curies":[{"name":"wp","href":"https:\/\/api.w.org\/{rel}","templated":true}]}}