{"id":85703,"date":"2016-05-05T14:57:37","date_gmt":"2016-05-05T17:57:37","guid":{"rendered":"http:\/\/www.redenoticia.com.br\/noticia\/?p=85703"},"modified":"2016-05-05T14:57:37","modified_gmt":"2016-05-05T17:57:37","slug":"novela-malhacao-resumo-0605-cica-planeja-deixar-o-pais","status":"publish","type":"post","link":"https:\/\/migracao.redenoticia.com.br\/noticia\/2016\/novela-malhacao-resumo-0605-cica-planeja-deixar-o-pais\/85703","title":{"rendered":"Novela \u201cMalha\u00e7\u00e3o\u201d resumo 06\/05: Ci\u00e7a planeja deixar o pa\u00eds"},"content":{"rendered":"<p> <img loading=\"lazy\" decoding=\"async\" src=\"https:\/\/migracao.redenoticia.com.br\/noticia\/imagens\/malhacao_seu_lugar_no_mundo-150x112.jpg\" alt=\"malhacao_seu_lugar_no_mundo\" width=\"150\" height=\"112\" class=\"alignleft size-thumbnail wp-image-72511\" srcset=\"https:\/\/migracao.redenoticia.com.br\/noticia\/imagens\/malhacao_seu_lugar_no_mundo-150x112.jpg 150w, https:\/\/migracao.redenoticia.com.br\/noticia\/imagens\/malhacao_seu_lugar_no_mundo-265x198.jpg 265w\" sizes=\"auto, (max-width: 150px) 100vw, 150px\" \/><strong><em>Novela \u201cMalha\u00e7\u00e3o\u201d resumo 06\/05 <\/em><\/strong>: Ci\u00e7a conversa com Ana, diz estar cansada de ser ofendida, criticada e menosprezada por todos e, por isso, decidiu que vai embora dali. Ana fica chocada com essa decis\u00e3o, principalmente por ter que ficar longe de seu neto. Depois, Ana encontra com Tito, diz que desconfia da sa\u00fade mental de Ci\u00e7a e esta escuta. Enquanto isso, Miguel revela a Samurai que Ci\u00e7a planeja deixar o pa\u00eds. Samurai garante a Miguel que vai provar que Rodriguinho \u00e9 seu filho. <\/p>\n<p>No capitulo 188(*), novela \u201cMalha\u00e7\u00e3o\u201d, sexta-feira, 06 de maio \u2013 Tito n\u00e3o se convence dos motivos apresentados por Pedro para o sumi\u00e7o. Cleiton promete ajudar Filipe a conseguir um emprego. Samurai contrata Pedro para trabalhar na loja com Nanda. <\/p>\n<p>Vanda confessa a Sueli que gostaria que Uodson e Alina morassem na casa dela. Fl\u00e1via pede que Rodrigo a apresente \u00e0 fam\u00edlia dele. Jorge contrata Filipe. <\/p>\n<p>Samuel permite que Arthur integre a turma de J\u00falia. Ana confessa a Tito que desconfiou da sa\u00fade mental de Ci\u00e7a, e a menina ouve. Miguel revela a Samurai que Ci\u00e7a planeja deixar o pa\u00eds.  <\/p>\n<p>(*) edi\u00e7\u00e3o da Rede Globo, Novela \u201cMalha\u00e7\u00e3o\u201d, sujeito a altera\u00e7\u00e3o de data e conte\u00fado.<\/p>\n","protected":false},"excerpt":{"rendered":"<p>Novela \u201cMalha\u00e7\u00e3o\u201d resumo 06\/05 : Ci\u00e7a conversa com Ana, diz estar cansada de ser ofendida, criticada e menosprezada por todos e, por isso, decidiu que vai embora dali. Ana fica chocada com essa decis\u00e3o, principalmente por ter que ficar longe de seu neto. Depois, Ana encontra com Tito, diz que desconfia da sa\u00fade mental de [&hellip;]<\/p>\n","protected":false},"author":2,"featured_media":72511,"comment_status":"open","ping_status":"closed","sticky":false,"template":"","format":"standard","meta":{"tdm_status":"","tdm_grid_status":"","footnotes":""},"categories":[379,375,343],"tags":[441],"class_list":{"0":"post-85703","1":"post","2":"type-post","3":"status-publish","4":"format-standard","5":"has-post-thumbnail","7":"category-novelas","8":"category-rede-globo","9":"category-televisao","10":"tag-resumo-do-dia"},"_links":{"self":[{"href":"https:\/\/migracao.redenoticia.com.br\/noticia\/wp-json\/wp\/v2\/posts\/85703","targetHints":{"allow":["GET"]}}],"collection":[{"href":"https:\/\/migracao.redenoticia.com.br\/noticia\/wp-json\/wp\/v2\/posts"}],"about":[{"href":"https:\/\/migracao.redenoticia.com.br\/noticia\/wp-json\/wp\/v2\/types\/post"}],"author":[{"embeddable":true,"href":"https:\/\/migracao.redenoticia.com.br\/noticia\/wp-json\/wp\/v2\/users\/2"}],"replies":[{"embeddable":true,"href":"https:\/\/migracao.redenoticia.com.br\/noticia\/wp-json\/wp\/v2\/comments?post=85703"}],"version-history":[{"count":0,"href":"https:\/\/migracao.redenoticia.com.br\/noticia\/wp-json\/wp\/v2\/posts\/85703\/revisions"}],"wp:featuredmedia":[{"embeddable":true,"href":"https:\/\/migracao.redenoticia.com.br\/noticia\/wp-json\/wp\/v2\/media\/72511"}],"wp:attachment":[{"href":"https:\/\/migracao.redenoticia.com.br\/noticia\/wp-json\/wp\/v2\/media?parent=85703"}],"wp:term":[{"taxonomy":"category","embeddable":true,"href":"https:\/\/migracao.redenoticia.com.br\/noticia\/wp-json\/wp\/v2\/categories?post=85703"},{"taxonomy":"post_tag","embeddable":true,"href":"https:\/\/migracao.redenoticia.com.br\/noticia\/wp-json\/wp\/v2\/tags?post=85703"}],"curies":[{"name":"wp","href":"https:\/\/api.w.org\/{rel}","templated":true}]}}