{"id":85705,"date":"2016-05-05T17:57:53","date_gmt":"2016-05-05T20:57:53","guid":{"rendered":"http:\/\/www.redenoticia.com.br\/noticia\/?p=85705"},"modified":"2016-05-05T15:04:59","modified_gmt":"2016-05-05T18:04:59","slug":"novela-meu-coracao-e-teu-resumo-0605-fernando-confessa-a-diego-que-ama-ana","status":"publish","type":"post","link":"https:\/\/migracao.redenoticia.com.br\/noticia\/2016\/novela-meu-coracao-e-teu-resumo-0605-fernando-confessa-a-diego-que-ama-ana\/85705","title":{"rendered":"Novela \u201cMeu Cora\u00e7\u00e3o \u00e9 Teu\u201d resumo 06\/05: Fernando confessa a Diego que ama Ana"},"content":{"rendered":"<p> <img loading=\"lazy\" decoding=\"async\" src=\"https:\/\/migracao.redenoticia.com.br\/noticia\/imagens\/meu_coracao_e_teu_novela_resumo_sbt-150x112.jpg\" alt=\"meu_coracao_e_teu_novela_resumo_sbt\" width=\"150\" height=\"112\" class=\"alignleft size-thumbnail wp-image-82119\" srcset=\"https:\/\/migracao.redenoticia.com.br\/noticia\/imagens\/meu_coracao_e_teu_novela_resumo_sbt-150x112.jpg 150w, https:\/\/migracao.redenoticia.com.br\/noticia\/imagens\/meu_coracao_e_teu_novela_resumo_sbt-265x198.jpg 265w\" sizes=\"auto, (max-width: 150px) 100vw, 150px\" \/><strong><em>Novela \u201cMeu Cora\u00e7\u00e3o \u00e9 Teu\u201d resumo 06\/05<\/em><\/strong>: Ana comenta com Fernando que j\u00e1 sabe sobre seu div\u00f3rcio e ele explica as raz\u00f5es. Depois, Ana conversa com Diego e diz que seu irm\u00e3o vai se divorciar. Diego reage mal, j\u00e1 que tem muito medo de perd\u00ea-la porque sabe que Ana n\u00e3o o ama, e pensa em voltar para Fernando. Ela o ouve e o diz que as coisas n\u00e3o s\u00e3o assim.  Mais tarde, Diego fala com Fernando e ele confessa que ama Ana. Enquanto isso, Isabela diz a Ana que jamais vai deixar o caminho livre, para que ela fique com seu marido.<\/p>\n<p>No cap\u00edtulo 050 (*), novela \u201cMeu Cora\u00e7\u00e3o \u00e9 Teu\u201d, sexta-feira, 06 de maio \u2013 Henrique j\u00e1 tem uma montagem de foto de Fernando e Ana para destru\u00ed-los. Isabela o pressiona para que ele aja logo. Henrique visita seu pai e o afirma que em breve se vingar\u00e1 de Fernando Lascurain pelo que ele fez. Diego fica furioso porque sabe que Ana n\u00e3o o ama, e pensa em voltar para Fernando. <\/p>\n<p>Ana o ouve e o diz que as coisas n\u00e3o s\u00e3o assim. Ana fala com Johnny sobre Fernando e diz estar chateada. Fernando descobre que Fanny n\u00e3o gosta de Henrique e ela confessa que ele tem outra inten\u00e7\u00e3o com ela, que n\u00e3o s\u00e3o apenas profissionais. Fernando pensa em agredir Henrique, mas Fanny o pro\u00edbe e explica que nunca ocorreu nada entre eles. Fernando vai falar com Henrique e exige que pe\u00e7a demiss\u00e3o. Manuela segue Bruno at\u00e9 um hospital por acreditar que ele a engane com uma enfermeira. <\/p>\n<p>Diego fala com Fernando e ele confessa que ama Ana. Isabela diz a Ana que jamais deixar\u00e1 seu caminho livre, para que ela fique com Fernando. Laura quer tirar Nando de Helena, mas na realidade ela \u00e9 pobre. Henrique aconselha Isabela a ter um div\u00f3rcio pacifico, para que possa entrar segundo sua conveni\u00eancia na mans\u00e3o Lascurain. <\/p>\n<p>(*) edi\u00e7\u00e3o do SBT, Novela \u201cMeu Cora\u00e7\u00e3o \u00e9 Teu\u201d, sujeito a altera\u00e7\u00e3o de data e conte\u00fado.<\/p>\n","protected":false},"excerpt":{"rendered":"<p>Novela \u201cMeu Cora\u00e7\u00e3o \u00e9 Teu\u201d resumo 06\/05: Ana comenta com Fernando que j\u00e1 sabe sobre seu div\u00f3rcio e ele explica as raz\u00f5es. Depois, Ana conversa com Diego e diz que seu irm\u00e3o vai se divorciar. Diego reage mal, j\u00e1 que tem muito medo de perd\u00ea-la porque sabe que Ana n\u00e3o o ama, e pensa em [&hellip;]<\/p>\n","protected":false},"author":2,"featured_media":82119,"comment_status":"open","ping_status":"closed","sticky":false,"template":"","format":"standard","meta":{"tdm_status":"","tdm_grid_status":"","footnotes":""},"categories":[379,372,343],"tags":[441],"class_list":{"0":"post-85705","1":"post","2":"type-post","3":"status-publish","4":"format-standard","5":"has-post-thumbnail","7":"category-novelas","8":"category-sbt","9":"category-televisao","10":"tag-resumo-do-dia"},"_links":{"self":[{"href":"https:\/\/migracao.redenoticia.com.br\/noticia\/wp-json\/wp\/v2\/posts\/85705","targetHints":{"allow":["GET"]}}],"collection":[{"href":"https:\/\/migracao.redenoticia.com.br\/noticia\/wp-json\/wp\/v2\/posts"}],"about":[{"href":"https:\/\/migracao.redenoticia.com.br\/noticia\/wp-json\/wp\/v2\/types\/post"}],"author":[{"embeddable":true,"href":"https:\/\/migracao.redenoticia.com.br\/noticia\/wp-json\/wp\/v2\/users\/2"}],"replies":[{"embeddable":true,"href":"https:\/\/migracao.redenoticia.com.br\/noticia\/wp-json\/wp\/v2\/comments?post=85705"}],"version-history":[{"count":0,"href":"https:\/\/migracao.redenoticia.com.br\/noticia\/wp-json\/wp\/v2\/posts\/85705\/revisions"}],"wp:featuredmedia":[{"embeddable":true,"href":"https:\/\/migracao.redenoticia.com.br\/noticia\/wp-json\/wp\/v2\/media\/82119"}],"wp:attachment":[{"href":"https:\/\/migracao.redenoticia.com.br\/noticia\/wp-json\/wp\/v2\/media?parent=85705"}],"wp:term":[{"taxonomy":"category","embeddable":true,"href":"https:\/\/migracao.redenoticia.com.br\/noticia\/wp-json\/wp\/v2\/categories?post=85705"},{"taxonomy":"post_tag","embeddable":true,"href":"https:\/\/migracao.redenoticia.com.br\/noticia\/wp-json\/wp\/v2\/tags?post=85705"}],"curies":[{"name":"wp","href":"https:\/\/api.w.org\/{rel}","templated":true}]}}