{"id":85707,"date":"2016-05-05T19:05:07","date_gmt":"2016-05-05T22:05:07","guid":{"rendered":"http:\/\/www.redenoticia.com.br\/noticia\/?p=85707"},"modified":"2016-05-05T15:55:07","modified_gmt":"2016-05-05T18:55:07","slug":"novela-cumplices-de-um-resgate-resumo-0605-manuela-cuida-de-priscila","status":"publish","type":"post","link":"https:\/\/migracao.redenoticia.com.br\/noticia\/2016\/novela-cumplices-de-um-resgate-resumo-0605-manuela-cuida-de-priscila\/85707","title":{"rendered":"Novela \u201cC\u00famplices de um Resgate\u201d resumo 06\/05: Manuela cuida de Priscila"},"content":{"rendered":"<p> <img loading=\"lazy\" decoding=\"async\" src=\"https:\/\/migracao.redenoticia.com.br\/noticia\/imagens\/cumplices_de_um_resgate_sbt_novela_resumo-150x112.jpg\" alt=\"cumplices_de_um_resgate_sbt_novela_resumo\" width=\"150\" height=\"112\" class=\"alignleft size-thumbnail wp-image-71351\" srcset=\"https:\/\/migracao.redenoticia.com.br\/noticia\/imagens\/cumplices_de_um_resgate_sbt_novela_resumo-150x112.jpg 150w, https:\/\/migracao.redenoticia.com.br\/noticia\/imagens\/cumplices_de_um_resgate_sbt_novela_resumo-265x198.jpg 265w\" sizes=\"auto, (max-width: 150px) 100vw, 150px\" \/><strong><em>Novela \u201cC\u00famplices de um Resgate\u201d resumo 06\/05<\/em><\/strong>: Priscila fica decepcionada e chateada ao saber que Safira sempre escondeu que ela existia, e que os av\u00f3s sabiam de tudo. Safira vai atr\u00e1s da filha, s\u00f3 que ela n\u00e3o quer falar com a m\u00e3e. Aurora diz que n\u00e3o vai ajud\u00e1-la, pois j\u00e1 passou muito a m\u00e3o em sua cabe\u00e7a durante esses anos. Priscila fica mal, recusa se alimentar e est\u00e1 sem vontade de fazer nada, apenas chorar. Mais tarde, Isabela, que na verdade \u00e9 Manuela, ajuda Priscila com conselhos confortantes e com sua amizade.<\/p>\n<p>No cap\u00edtulo 200(*), novela \u201cC\u00famplice de um Resgate\u201d, sexta-feira, 06 de maio \u2013 Fausto fica bem no hospital, mas sob cust\u00f3dia da justi\u00e7a. Os policiais encontram Joel no haras e entregam uma intima\u00e7\u00e3o para prestar esclarecimentos por diversas acusa\u00e7\u00f5es de crimes. Leticia e Bira namoram escondidos na empresa, pois isso vai contra as regras da gravadora. <\/p>\n<p>Priscila n\u00e3o quer se alimentar e est\u00e1 sem vontade de fazer nada, apenas chorar. Tomas decide aceitar a investida de Lurdinha apenas para saber das coisas que a secretaria sabe. Frederico v\u00ea e fica irritado. Ot\u00e1vio pede uma limusine para levar Rebeca para uma surpresa. Sabrina amarra Manteiguinha longe e coloca uma fita de cabelo para culpar Manuela. <\/p>\n<p>Frederico assume para Lurdinha que estava saindo com Ta\u00edsa apenas para fazer ci\u00fame com ela. A recepcionista instrui o estilista a n\u00e3o iludir mais Ta\u00edsa. Ot\u00e1vio leva Rebeca para ficar hospedada no Sofitel Jequitimar, no Guaruj\u00e1, e explica que depois ainda ir\u00e3o para as praias de S\u00e3o Vicente e Santos. Isabela, que na verdade \u00e9 Manuela, ajuda Priscila com conselhos confortantes.   <\/p>\n<p>(*) edi\u00e7\u00e3o do SBT, Novela \u201cC\u00famplices de um Resgate\u201d, sujeito a altera\u00e7\u00e3o de data e conte\u00fado.<\/p>\n","protected":false},"excerpt":{"rendered":"<p>Novela \u201cC\u00famplices de um Resgate\u201d resumo 06\/05: Priscila fica decepcionada e chateada ao saber que Safira sempre escondeu que ela existia, e que os av\u00f3s sabiam de tudo. Safira vai atr\u00e1s da filha, s\u00f3 que ela n\u00e3o quer falar com a m\u00e3e. Aurora diz que n\u00e3o vai ajud\u00e1-la, pois j\u00e1 passou muito a m\u00e3o em [&hellip;]<\/p>\n","protected":false},"author":2,"featured_media":71351,"comment_status":"open","ping_status":"closed","sticky":false,"template":"","format":"standard","meta":{"tdm_status":"","tdm_grid_status":"","footnotes":""},"categories":[379,372,343],"tags":[441],"class_list":{"0":"post-85707","1":"post","2":"type-post","3":"status-publish","4":"format-standard","5":"has-post-thumbnail","7":"category-novelas","8":"category-sbt","9":"category-televisao","10":"tag-resumo-do-dia"},"_links":{"self":[{"href":"https:\/\/migracao.redenoticia.com.br\/noticia\/wp-json\/wp\/v2\/posts\/85707","targetHints":{"allow":["GET"]}}],"collection":[{"href":"https:\/\/migracao.redenoticia.com.br\/noticia\/wp-json\/wp\/v2\/posts"}],"about":[{"href":"https:\/\/migracao.redenoticia.com.br\/noticia\/wp-json\/wp\/v2\/types\/post"}],"author":[{"embeddable":true,"href":"https:\/\/migracao.redenoticia.com.br\/noticia\/wp-json\/wp\/v2\/users\/2"}],"replies":[{"embeddable":true,"href":"https:\/\/migracao.redenoticia.com.br\/noticia\/wp-json\/wp\/v2\/comments?post=85707"}],"version-history":[{"count":0,"href":"https:\/\/migracao.redenoticia.com.br\/noticia\/wp-json\/wp\/v2\/posts\/85707\/revisions"}],"wp:featuredmedia":[{"embeddable":true,"href":"https:\/\/migracao.redenoticia.com.br\/noticia\/wp-json\/wp\/v2\/media\/71351"}],"wp:attachment":[{"href":"https:\/\/migracao.redenoticia.com.br\/noticia\/wp-json\/wp\/v2\/media?parent=85707"}],"wp:term":[{"taxonomy":"category","embeddable":true,"href":"https:\/\/migracao.redenoticia.com.br\/noticia\/wp-json\/wp\/v2\/categories?post=85707"},{"taxonomy":"post_tag","embeddable":true,"href":"https:\/\/migracao.redenoticia.com.br\/noticia\/wp-json\/wp\/v2\/tags?post=85707"}],"curies":[{"name":"wp","href":"https:\/\/api.w.org\/{rel}","templated":true}]}}