{"id":85711,"date":"2016-05-05T19:14:58","date_gmt":"2016-05-05T22:14:58","guid":{"rendered":"http:\/\/www.redenoticia.com.br\/noticia\/?p=85711"},"modified":"2016-05-05T15:16:07","modified_gmt":"2016-05-05T18:16:07","slug":"novela-sila-resumo-0605-narin-sente-ciume-de-azad","status":"publish","type":"post","link":"https:\/\/migracao.redenoticia.com.br\/noticia\/2016\/novela-sila-resumo-0605-narin-sente-ciume-de-azad\/85711","title":{"rendered":"Novela \u201cSila\u201d resumo 06\/05: Narin sente ci\u00fame de Azad"},"content":{"rendered":"<p> <img loading=\"lazy\" decoding=\"async\" class=\"alignleft size-thumbnail wp-image-83098\" src=\"https:\/\/migracao.redenoticia.com.br\/noticia\/imagens\/sila_band_novela_resumo_capitulo-150x112.jpg\" alt=\"sila_band_novela_resumo_capitulo\" width=\"150\" height=\"112\" srcset=\"https:\/\/migracao.redenoticia.com.br\/noticia\/imagens\/sila_band_novela_resumo_capitulo-150x112.jpg 150w, https:\/\/migracao.redenoticia.com.br\/noticia\/imagens\/sila_band_novela_resumo_capitulo-265x198.jpg 265w\" sizes=\"auto, (max-width: 150px) 100vw, 150px\" \/><strong><em> Novela \u201cSila\u201d resumo 06\/05<\/em><\/strong>: Cansado de ficar em casa escondido, Azad come\u00e7a a trabalhar na empresa de Sila. O jovem logo fica deslumbrado com a riqueza e o poder. Sua esposa Narin fica enciumada com o trabalho de Azad na companhia. Sila percebe que Narin est\u00e1 insegura e vai \u00e0s compras com a cunhada. Logo depois, Sila leva Narin para visitar Azad. Ela est\u00e1 vestida como uma mulher de Istambul.<\/p>\n<p>No capitulo 034(*), novela \u201cSila\u201d, sexta-feira, 06 de maio &#8211; Narin fica enciumada com o trabalho de Azad na companhia. Sila decide usar seu poder para destruir os neg\u00f3cios de Boran. Emre se recusa a ajudar Sila e amea\u00e7a pedir demiss\u00e3o. Dihan se envolve com a esposa de Burhan, tio de Sila.<\/p>\n<p>Bedar incentiva Sila a ter o beb\u00ea. Sila e Boran pensam um no outro. Sila vai \u00e0s compras com Narin e ela visita Azad vestida como uma mulher da cidade. Sila vai ao m\u00e9dico e, ao sair, v\u00ea Boran na rua com outra mulher. <\/p>\n<p>(*) edi\u00e7\u00e3o da Band, Novela \u201cSila\u201d, sujeito a altera\u00e7\u00e3o de data e conte\u00fado.<\/p>\n","protected":false},"excerpt":{"rendered":"<p>Novela \u201cSila\u201d resumo 06\/05: Cansado de ficar em casa escondido, Azad come\u00e7a a trabalhar na empresa de Sila. O jovem logo fica deslumbrado com a riqueza e o poder. Sua esposa Narin fica enciumada com o trabalho de Azad na companhia. Sila percebe que Narin est\u00e1 insegura e vai \u00e0s compras com a cunhada. Logo [&hellip;]<\/p>\n","protected":false},"author":2,"featured_media":83098,"comment_status":"open","ping_status":"closed","sticky":false,"template":"","format":"standard","meta":{"tdm_status":"","tdm_grid_status":"","footnotes":""},"categories":[390,379,343],"tags":[441],"class_list":{"0":"post-85711","1":"post","2":"type-post","3":"status-publish","4":"format-standard","5":"has-post-thumbnail","7":"category-band","8":"category-novelas","9":"category-televisao","10":"tag-resumo-do-dia"},"_links":{"self":[{"href":"https:\/\/migracao.redenoticia.com.br\/noticia\/wp-json\/wp\/v2\/posts\/85711","targetHints":{"allow":["GET"]}}],"collection":[{"href":"https:\/\/migracao.redenoticia.com.br\/noticia\/wp-json\/wp\/v2\/posts"}],"about":[{"href":"https:\/\/migracao.redenoticia.com.br\/noticia\/wp-json\/wp\/v2\/types\/post"}],"author":[{"embeddable":true,"href":"https:\/\/migracao.redenoticia.com.br\/noticia\/wp-json\/wp\/v2\/users\/2"}],"replies":[{"embeddable":true,"href":"https:\/\/migracao.redenoticia.com.br\/noticia\/wp-json\/wp\/v2\/comments?post=85711"}],"version-history":[{"count":0,"href":"https:\/\/migracao.redenoticia.com.br\/noticia\/wp-json\/wp\/v2\/posts\/85711\/revisions"}],"wp:featuredmedia":[{"embeddable":true,"href":"https:\/\/migracao.redenoticia.com.br\/noticia\/wp-json\/wp\/v2\/media\/83098"}],"wp:attachment":[{"href":"https:\/\/migracao.redenoticia.com.br\/noticia\/wp-json\/wp\/v2\/media?parent=85711"}],"wp:term":[{"taxonomy":"category","embeddable":true,"href":"https:\/\/migracao.redenoticia.com.br\/noticia\/wp-json\/wp\/v2\/categories?post=85711"},{"taxonomy":"post_tag","embeddable":true,"href":"https:\/\/migracao.redenoticia.com.br\/noticia\/wp-json\/wp\/v2\/tags?post=85711"}],"curies":[{"name":"wp","href":"https:\/\/api.w.org\/{rel}","templated":true}]}}