{"id":85715,"date":"2016-05-05T18:23:43","date_gmt":"2016-05-05T21:23:43","guid":{"rendered":"http:\/\/www.redenoticia.com.br\/noticia\/?p=85715"},"modified":"2016-05-05T15:26:47","modified_gmt":"2016-05-05T18:26:47","slug":"novela-eta-mundo-bom-resumo-0605-candinho-pensa-em-falar-com-filomena","status":"publish","type":"post","link":"https:\/\/migracao.redenoticia.com.br\/noticia\/2016\/novela-eta-mundo-bom-resumo-0605-candinho-pensa-em-falar-com-filomena\/85715","title":{"rendered":"Novela \u201cEta Mundo Bom\u201d resumo 06\/05: Candinho pensa em falar com Filomena"},"content":{"rendered":"<p> <img loading=\"lazy\" decoding=\"async\" class=\"alignleft size-thumbnail wp-image-82131\" src=\"https:\/\/migracao.redenoticia.com.br\/noticia\/imagens\/eta_mundo_bom_globo_novela_resumo-150x112.jpg\" alt=\"eta_mundo_bom_globo_novela_resumo\" width=\"150\" height=\"112\" srcset=\"https:\/\/migracao.redenoticia.com.br\/noticia\/imagens\/eta_mundo_bom_globo_novela_resumo-150x112.jpg 150w, https:\/\/migracao.redenoticia.com.br\/noticia\/imagens\/eta_mundo_bom_globo_novela_resumo-265x198.jpg 265w\" sizes=\"auto, (max-width: 150px) 100vw, 150px\" \/><strong><em>Novela \u201cEta Mundo Bom\u201d resumo 06\/05<\/em><\/strong>: N\u00e1dia e Perseu trocam a fechadura da porta da mans\u00e3o e Filomena e Clarice ficam na rua. A vi\u00fava garante que vai procurar a justi\u00e7a contra seus enteados. Maria pede a Celso que leve Filomena e Clarice para a pens\u00e3o de Cam\u00e9lia. Depois, Celso comenta com Candinho que Filomena ficou vi\u00fava. Candinho fica balan\u00e7ado e pensa em falar com Filomena, mas Pancr\u00e1cio o aconselha a ficar com Sandra.<\/p>\n<p>No capitulo 095(*), novela \u201cEta Mundo Bom\u201d, sexta-feira, 06 de maio \u2013 Filomena afirma que ir\u00e1 procurar a Justi\u00e7a contra N\u00e1dia e Perseu. Orientado por Maria, Celso leva Filomena e Clarice para a pens\u00e3o de Cam\u00e9lia. <\/p>\n<p>Celso conta a Candinho que Filomena ficou vi\u00fava. Severo pede que a suposta m\u00e3e de Diana venha morar com os dois. Candinho pensa em falar com Filomena, mas Pancr\u00e1cio o aconselha a ficar com Sandra. <\/p>\n<p>Pandolfo revela que \u00e9 irm\u00e3o g\u00eameo de Pancr\u00e1cio e acusa Eponina de violent\u00e1-lo. Dantas garante a Filomena que, com a sua gravidez, herdar\u00e1 metade do patrim\u00f4nio de Fragoso. <\/p>\n<p>(*) edi\u00e7\u00e3o da Rede Globo, Novela \u201cEta Mundo Bom\u201d, sujeito a altera\u00e7\u00e3o de data e conte\u00fado.<\/p>\n","protected":false},"excerpt":{"rendered":"<p>Novela \u201cEta Mundo Bom\u201d resumo 06\/05: N\u00e1dia e Perseu trocam a fechadura da porta da mans\u00e3o e Filomena e Clarice ficam na rua. A vi\u00fava garante que vai procurar a justi\u00e7a contra seus enteados. Maria pede a Celso que leve Filomena e Clarice para a pens\u00e3o de Cam\u00e9lia. Depois, Celso comenta com Candinho que Filomena [&hellip;]<\/p>\n","protected":false},"author":2,"featured_media":79935,"comment_status":"open","ping_status":"closed","sticky":false,"template":"","format":"standard","meta":{"tdm_status":"","tdm_grid_status":"","footnotes":""},"categories":[379,375,343],"tags":[441],"class_list":{"0":"post-85715","1":"post","2":"type-post","3":"status-publish","4":"format-standard","5":"has-post-thumbnail","7":"category-novelas","8":"category-rede-globo","9":"category-televisao","10":"tag-resumo-do-dia"},"_links":{"self":[{"href":"https:\/\/migracao.redenoticia.com.br\/noticia\/wp-json\/wp\/v2\/posts\/85715","targetHints":{"allow":["GET"]}}],"collection":[{"href":"https:\/\/migracao.redenoticia.com.br\/noticia\/wp-json\/wp\/v2\/posts"}],"about":[{"href":"https:\/\/migracao.redenoticia.com.br\/noticia\/wp-json\/wp\/v2\/types\/post"}],"author":[{"embeddable":true,"href":"https:\/\/migracao.redenoticia.com.br\/noticia\/wp-json\/wp\/v2\/users\/2"}],"replies":[{"embeddable":true,"href":"https:\/\/migracao.redenoticia.com.br\/noticia\/wp-json\/wp\/v2\/comments?post=85715"}],"version-history":[{"count":0,"href":"https:\/\/migracao.redenoticia.com.br\/noticia\/wp-json\/wp\/v2\/posts\/85715\/revisions"}],"wp:featuredmedia":[{"embeddable":true,"href":"https:\/\/migracao.redenoticia.com.br\/noticia\/wp-json\/wp\/v2\/media\/79935"}],"wp:attachment":[{"href":"https:\/\/migracao.redenoticia.com.br\/noticia\/wp-json\/wp\/v2\/media?parent=85715"}],"wp:term":[{"taxonomy":"category","embeddable":true,"href":"https:\/\/migracao.redenoticia.com.br\/noticia\/wp-json\/wp\/v2\/categories?post=85715"},{"taxonomy":"post_tag","embeddable":true,"href":"https:\/\/migracao.redenoticia.com.br\/noticia\/wp-json\/wp\/v2\/tags?post=85715"}],"curies":[{"name":"wp","href":"https:\/\/api.w.org\/{rel}","templated":true}]}}