{"id":85717,"date":"2016-05-05T19:26:59","date_gmt":"2016-05-05T22:26:59","guid":{"rendered":"http:\/\/www.redenoticia.com.br\/noticia\/?p=85717"},"modified":"2016-05-05T15:31:34","modified_gmt":"2016-05-05T18:31:34","slug":"novela-totalmente-demais-resumo-0605-carolina-pede-demissao","status":"publish","type":"post","link":"https:\/\/migracao.redenoticia.com.br\/noticia\/2016\/novela-totalmente-demais-resumo-0605-carolina-pede-demissao\/85717","title":{"rendered":"Novela \u201cTotalmente Demais\u201d resumo 06\/05: Carolina pede demiss\u00e3o"},"content":{"rendered":"<p> <strong><em><img loading=\"lazy\" decoding=\"async\" class=\"alignleft size-thumbnail wp-image-76581\" src=\"https:\/\/migracao.redenoticia.com.br\/noticia\/imagens\/totalmente_demais_novela_resumo_globo-150x112.jpg\" alt=\"totalmente_demais_novela_resumo_globo\" width=\"150\" height=\"112\" srcset=\"https:\/\/migracao.redenoticia.com.br\/noticia\/imagens\/totalmente_demais_novela_resumo_globo-150x112.jpg 150w, https:\/\/migracao.redenoticia.com.br\/noticia\/imagens\/totalmente_demais_novela_resumo_globo-265x198.jpg 265w\" sizes=\"auto, (max-width: 150px) 100vw, 150px\" \/>Novela \u201cTotalmente Demais\u201d resumo 06\/05<\/em><\/strong>: Carolina pega o resultado do exame e constata que n\u00e3o pode ter filhos. Ela fica arrasada por n\u00e3o poder realizar o seu sonho de ter sua pr\u00f3pria fam\u00edlia. Ela resolve pedir demiss\u00e3o da revista e diz a Hugo que precisa se reencontrar. Pietro conversa com ela e a faz repensar na ideia da demiss\u00e3o. Pietro mostra que existem outras maneiras de seu sonho se realizar e se oferece para adotar um filho com ela.<\/p>\n<p>No capitulo 155 (*), novela \u201cTotalmente Demais\u201d, sexta-feira, 06 de maio \u2013 Carolina sofre ao lado de Pietro. Florisval incentiva Jonatas a comprar um carro para ajudar a reconquistar Eliza. <\/p>\n<p>Carolina pede demiss\u00e3o da revista e diz a Hugo que precisa se reencontrar. Pietro faz Carolina repensar na ideia da demiss\u00e3o, se oferecendo para adotar um filho com ela. <\/p>\n<p>Jonatas desiste de comprar o carro para comprar a cadeira de rodas de que Weslley precisa. Hugo convida Gilda e os filhos para jantar em sua casa, e \u00e9 surpreendido com a chegada de Suely. <\/p>\n<p>(*) edi\u00e7\u00e3o da Rede Globo, Novela \u201cTotalmente Demais\u201d, sujeito a altera\u00e7\u00e3o de data e conte\u00fado.<\/p>\n","protected":false},"excerpt":{"rendered":"<p>Novela \u201cTotalmente Demais\u201d resumo 06\/05: Carolina pega o resultado do exame e constata que n\u00e3o pode ter filhos. Ela fica arrasada por n\u00e3o poder realizar o seu sonho de ter sua pr\u00f3pria fam\u00edlia. Ela resolve pedir demiss\u00e3o da revista e diz a Hugo que precisa se reencontrar. Pietro conversa com ela e a faz repensar [&hellip;]<\/p>\n","protected":false},"author":2,"featured_media":77337,"comment_status":"open","ping_status":"closed","sticky":false,"template":"","format":"standard","meta":{"tdm_status":"","tdm_grid_status":"","footnotes":""},"categories":[379,375,343],"tags":[441],"class_list":{"0":"post-85717","1":"post","2":"type-post","3":"status-publish","4":"format-standard","5":"has-post-thumbnail","7":"category-novelas","8":"category-rede-globo","9":"category-televisao","10":"tag-resumo-do-dia"},"_links":{"self":[{"href":"https:\/\/migracao.redenoticia.com.br\/noticia\/wp-json\/wp\/v2\/posts\/85717","targetHints":{"allow":["GET"]}}],"collection":[{"href":"https:\/\/migracao.redenoticia.com.br\/noticia\/wp-json\/wp\/v2\/posts"}],"about":[{"href":"https:\/\/migracao.redenoticia.com.br\/noticia\/wp-json\/wp\/v2\/types\/post"}],"author":[{"embeddable":true,"href":"https:\/\/migracao.redenoticia.com.br\/noticia\/wp-json\/wp\/v2\/users\/2"}],"replies":[{"embeddable":true,"href":"https:\/\/migracao.redenoticia.com.br\/noticia\/wp-json\/wp\/v2\/comments?post=85717"}],"version-history":[{"count":0,"href":"https:\/\/migracao.redenoticia.com.br\/noticia\/wp-json\/wp\/v2\/posts\/85717\/revisions"}],"wp:featuredmedia":[{"embeddable":true,"href":"https:\/\/migracao.redenoticia.com.br\/noticia\/wp-json\/wp\/v2\/media\/77337"}],"wp:attachment":[{"href":"https:\/\/migracao.redenoticia.com.br\/noticia\/wp-json\/wp\/v2\/media?parent=85717"}],"wp:term":[{"taxonomy":"category","embeddable":true,"href":"https:\/\/migracao.redenoticia.com.br\/noticia\/wp-json\/wp\/v2\/categories?post=85717"},{"taxonomy":"post_tag","embeddable":true,"href":"https:\/\/migracao.redenoticia.com.br\/noticia\/wp-json\/wp\/v2\/tags?post=85717"}],"curies":[{"name":"wp","href":"https:\/\/api.w.org\/{rel}","templated":true}]}}