{"id":85719,"date":"2016-05-05T20:32:09","date_gmt":"2016-05-05T23:32:09","guid":{"rendered":"http:\/\/www.redenoticia.com.br\/noticia\/?p=85719"},"modified":"2016-05-05T15:41:48","modified_gmt":"2016-05-05T18:41:48","slug":"novela-velho-chico-resumo-0605-martim-decide-ficar-nas-terras-da-mae","status":"publish","type":"post","link":"https:\/\/migracao.redenoticia.com.br\/noticia\/2016\/novela-velho-chico-resumo-0605-martim-decide-ficar-nas-terras-da-mae\/85719","title":{"rendered":"Novela \u201cVelho Chico\u201d resumo 06\/05: Martim decide ficar nas terras da m\u00e3e"},"content":{"rendered":"<p> <img loading=\"lazy\" decoding=\"async\" class=\"alignleft size-thumbnail wp-image-82169\" src=\"https:\/\/migracao.redenoticia.com.br\/noticia\/imagens\/velho_chico_novela_resumo_globo-150x112.jpg\" alt=\"velho_chico_novela_resumo_globo\" width=\"150\" height=\"112\" srcset=\"https:\/\/migracao.redenoticia.com.br\/noticia\/imagens\/velho_chico_novela_resumo_globo-150x112.jpg 150w, https:\/\/migracao.redenoticia.com.br\/noticia\/imagens\/velho_chico_novela_resumo_globo-265x198.jpg 265w\" sizes=\"auto, (max-width: 150px) 100vw, 150px\" \/><strong><em>Novela \u201cVelho Chico\u201d resumo 06\/05<\/em><\/strong>: Martim retorna, mas n\u00e3o a Grotas do S\u00e3o Francisco. Ele procura pela fam\u00edlia de sua m\u00e3e, a falecida Leonor. Pr\u00f3ximo \u00e0 cidade natal, ele busca informa\u00e7\u00f5es sobre Araca\u00e7u e Zilu, seus av\u00f3s, e encontra o antigo s\u00edtio da fam\u00edlia. O fot\u00f3grafo explora o local e busca por poss\u00edveis lembran\u00e7as de seus ancestrais, quando o som de um instrumento chama sua aten\u00e7\u00e3o. Ele caminha na dire\u00e7\u00e3o do tocador e pergunta por seus familiares. O tocador revela que os dois morreram h\u00e1 muito tempo. Ele fala que Zilu faleceu primeiro e ele n\u00e3o demorou a ir ao seu encontro, porque homem nenhum presta sem a mulher. Martim pergunta ao homem se ele chegou a conhecer os filhos do casal. O senhor fala que Leonor era a alegria da casa e que, ao partir, ela deixou uma tristeza t\u00e3o grande que nem o tempo conseguiu curar. Em seguida, ele conta como foi \u00e0 chegada do coronel por aquelas bandas, inclusive o flagra que culminou no casamento da filha de Araca\u00e7u com o rica\u00e7o. Martim decide ficar nas terras da m\u00e3e.<\/p>\n<p>No capitulo 047 (*), novela \u201cVelho Chico\u201d, sexta-feira, 06 de maio \u2013 Encarna\u00e7\u00e3o avisa a Doninha que revelar\u00e1 verdades para a fam\u00edlia antes de morrer. Carlos Eduardo discute com Tereza por ci\u00fame de Santo. Afr\u00e2nio sonha em entregar a fazenda aos cuidados de Miguel e se dedicar \u00e0 sua vida com Iolanda. <\/p>\n<p>Ol\u00edvia e Lucas comemoram a retomada da cooperativa com Santo \u00e0 frente da organiza\u00e7\u00e3o. Afr\u00e2nio nega o pedido de Iolanda para reabrir a capela da fazenda. <\/p>\n<p>Martim decide ficar nas terras que eram da fam\u00edlia de Leonor. Carlos Eduardo alerta Afr\u00e2nio sobre os ideais de Miguel e Tereza ouve. Doninha afirma a Tereza que Martim saiu de casa em busca da felicidade. <\/p>\n<p>(*) edi\u00e7\u00e3o da Rede Globo, Novela \u201cVelho Chico\u201d, sujeito a altera\u00e7\u00e3o de data e conte\u00fado. <\/p>\n","protected":false},"excerpt":{"rendered":"<p>Novela \u201cVelho Chico\u201d resumo 06\/05: Martim retorna, mas n\u00e3o a Grotas do S\u00e3o Francisco. Ele procura pela fam\u00edlia de sua m\u00e3e, a falecida Leonor. Pr\u00f3ximo \u00e0 cidade natal, ele busca informa\u00e7\u00f5es sobre Araca\u00e7u e Zilu, seus av\u00f3s, e encontra o antigo s\u00edtio da fam\u00edlia. O fot\u00f3grafo explora o local e busca por poss\u00edveis lembran\u00e7as de [&hellip;]<\/p>\n","protected":false},"author":2,"featured_media":82169,"comment_status":"open","ping_status":"closed","sticky":false,"template":"","format":"standard","meta":{"tdm_status":"","tdm_grid_status":"","footnotes":""},"categories":[379,375,343],"tags":[441],"class_list":{"0":"post-85719","1":"post","2":"type-post","3":"status-publish","4":"format-standard","5":"has-post-thumbnail","7":"category-novelas","8":"category-rede-globo","9":"category-televisao","10":"tag-resumo-do-dia"},"_links":{"self":[{"href":"https:\/\/migracao.redenoticia.com.br\/noticia\/wp-json\/wp\/v2\/posts\/85719","targetHints":{"allow":["GET"]}}],"collection":[{"href":"https:\/\/migracao.redenoticia.com.br\/noticia\/wp-json\/wp\/v2\/posts"}],"about":[{"href":"https:\/\/migracao.redenoticia.com.br\/noticia\/wp-json\/wp\/v2\/types\/post"}],"author":[{"embeddable":true,"href":"https:\/\/migracao.redenoticia.com.br\/noticia\/wp-json\/wp\/v2\/users\/2"}],"replies":[{"embeddable":true,"href":"https:\/\/migracao.redenoticia.com.br\/noticia\/wp-json\/wp\/v2\/comments?post=85719"}],"version-history":[{"count":0,"href":"https:\/\/migracao.redenoticia.com.br\/noticia\/wp-json\/wp\/v2\/posts\/85719\/revisions"}],"wp:featuredmedia":[{"embeddable":true,"href":"https:\/\/migracao.redenoticia.com.br\/noticia\/wp-json\/wp\/v2\/media\/82169"}],"wp:attachment":[{"href":"https:\/\/migracao.redenoticia.com.br\/noticia\/wp-json\/wp\/v2\/media?parent=85719"}],"wp:term":[{"taxonomy":"category","embeddable":true,"href":"https:\/\/migracao.redenoticia.com.br\/noticia\/wp-json\/wp\/v2\/categories?post=85719"},{"taxonomy":"post_tag","embeddable":true,"href":"https:\/\/migracao.redenoticia.com.br\/noticia\/wp-json\/wp\/v2\/tags?post=85719"}],"curies":[{"name":"wp","href":"https:\/\/api.w.org\/{rel}","templated":true}]}}