{"id":8573,"date":"2009-08-13T23:30:42","date_gmt":"2009-08-14T03:30:42","guid":{"rendered":"http:\/\/www.redenoticia.com.br\/noticia\/?p=8573"},"modified":"2009-08-13T23:30:42","modified_gmt":"2009-08-14T03:30:42","slug":"rede-record-mostrou-mais-um-desafio-em-%e2%80%9ca-fazenda%e2%80%9d","status":"publish","type":"post","link":"https:\/\/migracao.redenoticia.com.br\/noticia\/2009\/rede-record-mostrou-mais-um-desafio-em-%e2%80%9ca-fazenda%e2%80%9d\/8573","title":{"rendered":"Rede Record mostrou mais um desafio em \u201cA Fazenda\u201d"},"content":{"rendered":"<p>A Rede Record mostrou nesta quinta-feira (13\/08) a saga dos pe\u00f5es da Fazenda por mais um carro. Na primeira parte do desafio, os pe\u00f5es tiveram que subir uma rampa de corda para buscar cinco bandeiras, onde os dois pe\u00f5es mais r\u00e1pidos e destemidos teriam a chance de disputar a segunda parte do desafio, ao vivo, pela Rede Record.<\/p>\n<p>Dado Dolabella se mostrou o pe\u00e3o mais r\u00e1pido nesta etapa do desafio da Rede Record, seguido por Carlinhos. Os dois pe\u00f5es da Fazenda foram chamados ao vivo para escolher uma chave que ligasse o carro da noite. Carlinhos foi o mais sortudo e conseguiu achar a chave certa antes que o Dado. Carlinhos conquistou assim seu terceiro carro na Fazenda da Rede Record e os demais pe\u00f5es conquistaram a jaqueta da patrocinadora, que ali\u00e1s \u00e9 muito fashion.<\/p>\n<p>Carlinhos brincou que agora j\u00e1 pode at\u00e9 montar uma concession\u00e1ria da patrocinadora da Rede Record e da Fazenda. A sorte tem andado junto de Carlinhos que tamb\u00e9m est\u00e1 imune na elimina\u00e7\u00e3o desta semana.<\/p>\n<p>A Rede Record mostrou que os outros pe\u00f5es continuam tensos, principalmente Danni Carlos e Dado que n\u00e3o param de brigar. A elimina\u00e7\u00e3o de Dado, Danni Carlos ou Pedro da Fazenda ser\u00e1 neste domingo.<\/p>\n<p>Fonte Rede Record \u2013 A Fazenda<\/p>\n","protected":false},"excerpt":{"rendered":"<p>A Rede Record mostrou nesta quinta-feira (13\/08) a saga dos pe\u00f5es da Fazenda por mais um carro. Na primeira parte do desafio, os pe\u00f5es tiveram que subir uma rampa de corda para buscar cinco bandeiras, onde os dois pe\u00f5es mais r\u00e1pidos e destemidos teriam a chance de disputar a segunda parte do desafio, ao vivo, [&hellip;]<\/p>\n","protected":false},"author":3,"featured_media":0,"comment_status":"open","ping_status":"open","sticky":false,"template":"","format":"standard","meta":{"tdm_status":"","tdm_grid_status":"","footnotes":""},"categories":[22,343],"tags":[],"class_list":{"0":"post-8573","1":"post","2":"type-post","3":"status-publish","4":"format-standard","6":"category-brasil","7":"category-televisao"},"_links":{"self":[{"href":"https:\/\/migracao.redenoticia.com.br\/noticia\/wp-json\/wp\/v2\/posts\/8573","targetHints":{"allow":["GET"]}}],"collection":[{"href":"https:\/\/migracao.redenoticia.com.br\/noticia\/wp-json\/wp\/v2\/posts"}],"about":[{"href":"https:\/\/migracao.redenoticia.com.br\/noticia\/wp-json\/wp\/v2\/types\/post"}],"author":[{"embeddable":true,"href":"https:\/\/migracao.redenoticia.com.br\/noticia\/wp-json\/wp\/v2\/users\/3"}],"replies":[{"embeddable":true,"href":"https:\/\/migracao.redenoticia.com.br\/noticia\/wp-json\/wp\/v2\/comments?post=8573"}],"version-history":[{"count":0,"href":"https:\/\/migracao.redenoticia.com.br\/noticia\/wp-json\/wp\/v2\/posts\/8573\/revisions"}],"wp:attachment":[{"href":"https:\/\/migracao.redenoticia.com.br\/noticia\/wp-json\/wp\/v2\/media?parent=8573"}],"wp:term":[{"taxonomy":"category","embeddable":true,"href":"https:\/\/migracao.redenoticia.com.br\/noticia\/wp-json\/wp\/v2\/categories?post=8573"},{"taxonomy":"post_tag","embeddable":true,"href":"https:\/\/migracao.redenoticia.com.br\/noticia\/wp-json\/wp\/v2\/tags?post=8573"}],"curies":[{"name":"wp","href":"https:\/\/api.w.org\/{rel}","templated":true}]}}