{"id":85741,"date":"2016-05-06T10:13:24","date_gmt":"2016-05-06T13:13:24","guid":{"rendered":"http:\/\/www.redenoticia.com.br\/noticia\/?p=85741"},"modified":"2016-05-05T19:16:15","modified_gmt":"2016-05-05T22:16:15","slug":"inflacao-para-familias-com-renda-mais-baixa-e-de-994-no-acumulado-12-meses","status":"publish","type":"post","link":"https:\/\/migracao.redenoticia.com.br\/noticia\/2016\/inflacao-para-familias-com-renda-mais-baixa-e-de-994-no-acumulado-12-meses\/85741","title":{"rendered":"Infla\u00e7\u00e3o para fam\u00edlias com renda mais baixa \u00e9 de 9,94% no acumulado 12 meses"},"content":{"rendered":"<p> O \u00cdndice de Pre\u00e7os ao Consumidor &#8211; Classe 1 (IPC-C1), que mede a <strong><em>infla\u00e7\u00e3o<\/em><\/strong> para fam\u00edlias com renda at\u00e9 2,5 sal\u00e1rios m\u00ednimos, chegou a 0,69% em abril, taxa acima da registrada em mar\u00e7o (0,44%). O percentual est\u00e1 acima do registrado pelo \u00cdndice de Pre\u00e7os ao Consumidor \u2013 Brasil (IPC-BR), que mede a infla\u00e7\u00e3o para todas as faixas de renda e que ficou em 0,49% em abril. Os n\u00fameros foram divulgados pela Funda\u00e7\u00e3o Getulio Vargas.<\/p>\n<p>O IPC-C1 acumula 3,82% este ano e 9,94% em 12 meses. A taxa acumulada em 12 meses pelo IPC-C1 tamb\u00e9m \u00e9 superior ao total acumulado no mesmo per\u00edodo pelo IPC-BR (9,24%).<\/p>\n<p>Causas<\/p>\n<p>A alta da taxa do IPC-C1 entre mar\u00e7o e abril foi provocada por avan\u00e7os em quatro das oito classes de despesa: item sa\u00fade e cuidados pessoais (passou de 0,36% em mar\u00e7o para 3,49% em abril), transportes (de 0,19% para 1,12%), vestu\u00e1rio (de 0,37% para 0,82%) e educa\u00e7\u00e3o, leitura e recrea\u00e7\u00e3o (de 0,42% para 0,52%).<\/p>\n<p>Quatro grupos de despesa tiveram recuo na taxa de infla\u00e7\u00e3o: alimenta\u00e7\u00e3o (caiu de 1,21% para 0,62%), despesas diversas (de 0,97% para 0,29%), comunica\u00e7\u00e3o (de 0,69% para 0,04%) e habita\u00e7\u00e3o (de -0,43% para -0,46%).<\/p>\n<p>Vitor Abdala \u2013 Rep\u00f3rter da Ag\u00eancia Brasil<br \/>\nEdi\u00e7\u00e3o: Kleber Sampaio<br \/>\n06\/05\/2016<\/p>\n","protected":false},"excerpt":{"rendered":"<p>O \u00cdndice de Pre\u00e7os ao Consumidor &#8211; Classe 1 (IPC-C1), que mede a infla\u00e7\u00e3o para fam\u00edlias com renda at\u00e9 2,5 sal\u00e1rios m\u00ednimos, chegou a 0,69% em abril, taxa acima da registrada em mar\u00e7o (0,44%). O percentual est\u00e1 acima do registrado pelo \u00cdndice de Pre\u00e7os ao Consumidor \u2013 Brasil (IPC-BR), que mede a infla\u00e7\u00e3o para todas [&hellip;]<\/p>\n","protected":false},"author":2,"featured_media":57584,"comment_status":"open","ping_status":"closed","sticky":false,"template":"","format":"standard","meta":{"tdm_status":"","tdm_grid_status":"","footnotes":""},"categories":[22,7],"tags":[],"class_list":{"0":"post-85741","1":"post","2":"type-post","3":"status-publish","4":"format-standard","5":"has-post-thumbnail","7":"category-brasil","8":"category-economia"},"_links":{"self":[{"href":"https:\/\/migracao.redenoticia.com.br\/noticia\/wp-json\/wp\/v2\/posts\/85741","targetHints":{"allow":["GET"]}}],"collection":[{"href":"https:\/\/migracao.redenoticia.com.br\/noticia\/wp-json\/wp\/v2\/posts"}],"about":[{"href":"https:\/\/migracao.redenoticia.com.br\/noticia\/wp-json\/wp\/v2\/types\/post"}],"author":[{"embeddable":true,"href":"https:\/\/migracao.redenoticia.com.br\/noticia\/wp-json\/wp\/v2\/users\/2"}],"replies":[{"embeddable":true,"href":"https:\/\/migracao.redenoticia.com.br\/noticia\/wp-json\/wp\/v2\/comments?post=85741"}],"version-history":[{"count":0,"href":"https:\/\/migracao.redenoticia.com.br\/noticia\/wp-json\/wp\/v2\/posts\/85741\/revisions"}],"wp:featuredmedia":[{"embeddable":true,"href":"https:\/\/migracao.redenoticia.com.br\/noticia\/wp-json\/wp\/v2\/media\/57584"}],"wp:attachment":[{"href":"https:\/\/migracao.redenoticia.com.br\/noticia\/wp-json\/wp\/v2\/media?parent=85741"}],"wp:term":[{"taxonomy":"category","embeddable":true,"href":"https:\/\/migracao.redenoticia.com.br\/noticia\/wp-json\/wp\/v2\/categories?post=85741"},{"taxonomy":"post_tag","embeddable":true,"href":"https:\/\/migracao.redenoticia.com.br\/noticia\/wp-json\/wp\/v2\/tags?post=85741"}],"curies":[{"name":"wp","href":"https:\/\/api.w.org\/{rel}","templated":true}]}}