{"id":85743,"date":"2016-05-06T10:16:41","date_gmt":"2016-05-06T13:16:41","guid":{"rendered":"http:\/\/www.redenoticia.com.br\/noticia\/?p=85743"},"modified":"2016-05-05T19:19:23","modified_gmt":"2016-05-05T22:19:23","slug":"antecedente-de-desemprego-avanca-e-e-o-maior-desde-maio-de-2014","status":"publish","type":"post","link":"https:\/\/migracao.redenoticia.com.br\/noticia\/2016\/antecedente-de-desemprego-avanca-e-e-o-maior-desde-maio-de-2014\/85743","title":{"rendered":"Antecedente de Desemprego avan\u00e7a e \u00e9 o maior desde maio de 2014"},"content":{"rendered":"<p> O <strong><em>Indicador Antecedente de Emprego<\/em><\/strong> (IAEmp) avan\u00e7ou 3,7% em abril deste ano, alcan\u00e7ando 76,5 pontos, o maior n\u00edvel desde maio de 2014, quando chegou a 79,3 pontos. Os dados foram divulgados pelo Instituto Brasileiro de Economia, da Funda\u00e7\u00e3o Getulio Vargas (Ibre\/FGV).<\/p>\n<p>Com o resultado de abril, o indicador de m\u00e9dias m\u00f3veis trimestrais (a compara\u00e7\u00e3o entre os tr\u00eas meses encerrados em abril com os tr\u00eas encerrados em fevereiro) acusou alta de 1,5%, a sexta consecutiva, sinalizando, na avalia\u00e7\u00e3o da FGV, \u201cuma acomoda\u00e7\u00e3o no ritmo de queda do pessoal ocupado na economia brasileira ao longo dos pr\u00f3ximos meses.\u201d<\/p>\n<p>A alta de abril foi influenciada pelo quesito da Sondagem da Ind\u00fastria, que mede o grau de otimismo em rela\u00e7\u00e3o \u00e0 evolu\u00e7\u00e3o da situa\u00e7\u00e3o dos neg\u00f3cios nos pr\u00f3ximos seis meses, e que chegou a variar 10,8%.<\/p>\n<p>Apesar do resultado ruim em abril, o economista da FGV Fernando de Holanda Barbosa Filho v\u00ea movimentos que indicam melhora na margem. \u201cEmbora o Indicador Antecedente de Emprego permane\u00e7a abaixo da m\u00e9dia hist\u00f3rica e o Indicador Coincidente de Desemprego, acima. Ou seja, o mercado de trabalho encontra-se em uma situa\u00e7\u00e3o ruim.\u201d<\/p>\n<p>Desacelera\u00e7\u00e3o<\/p>\n<p>Para o economista, a boa not\u00edcia \u00e9 que os movimentos recentes mostram uma melhora na margem. \u201cEsses movimentos evidenciam que, embora o mercado de trabalho deva continuar se deteriorando nos pr\u00f3ximos meses, o ritmo da piora est\u00e1 desacelerando\u201d, afirma.<\/p>\n<p>Os dados de abril sobre O Indicador Antecedente de Desemprego indicam, tamb\u00e9m, que o Indicador Coincidente de Desemprego (ICD) apresentou queda em abril, ao variar -1,9%, atingindo 95,6 pontos. \u00c9 o quarto recuo consecutivo do indicador, que alcan\u00e7ou o menor n\u00edvel desde setembro de 2015 (92,6 pontos). \u201cA tend\u00eancia do ICD sinaliza um arrefecimento da evolu\u00e7\u00e3o negativa da taxa de desemprego\u201d, analisa a FGV.<\/p>\n<p>Ainda em rela\u00e7\u00e3o ao ICD, as classes que mais contribu\u00edram para a queda do indicador foram as dos consumidores com renda mensal entre R$ 4.800 e R$ 9.600, cujo indicador de percep\u00e7\u00e3o de facilidade de se conseguir emprego (invertido) variou -4,3%, Ao mesmo tempo, o ICD dos consumidores, com renda entre R$ 2,1mil e R$ 4,8 mil, variou -3,7%.<\/p>\n<p>Nielmar de Oliveira &#8211; Rep\u00f3rter da Ag\u00eancia Brasil<br \/>\nEdi\u00e7\u00e3o: Kleber Sampaio<br \/>\n06\/05\/2016<\/p>\n","protected":false},"excerpt":{"rendered":"<p>O Indicador Antecedente de Emprego (IAEmp) avan\u00e7ou 3,7% em abril deste ano, alcan\u00e7ando 76,5 pontos, o maior n\u00edvel desde maio de 2014, quando chegou a 79,3 pontos. Os dados foram divulgados pelo Instituto Brasileiro de Economia, da Funda\u00e7\u00e3o Getulio Vargas (Ibre\/FGV). Com o resultado de abril, o indicador de m\u00e9dias m\u00f3veis trimestrais (a compara\u00e7\u00e3o entre [&hellip;]<\/p>\n","protected":false},"author":2,"featured_media":57585,"comment_status":"open","ping_status":"closed","sticky":false,"template":"","format":"standard","meta":{"tdm_status":"","tdm_grid_status":"","footnotes":""},"categories":[22,7],"tags":[],"class_list":{"0":"post-85743","1":"post","2":"type-post","3":"status-publish","4":"format-standard","5":"has-post-thumbnail","7":"category-brasil","8":"category-economia"},"_links":{"self":[{"href":"https:\/\/migracao.redenoticia.com.br\/noticia\/wp-json\/wp\/v2\/posts\/85743","targetHints":{"allow":["GET"]}}],"collection":[{"href":"https:\/\/migracao.redenoticia.com.br\/noticia\/wp-json\/wp\/v2\/posts"}],"about":[{"href":"https:\/\/migracao.redenoticia.com.br\/noticia\/wp-json\/wp\/v2\/types\/post"}],"author":[{"embeddable":true,"href":"https:\/\/migracao.redenoticia.com.br\/noticia\/wp-json\/wp\/v2\/users\/2"}],"replies":[{"embeddable":true,"href":"https:\/\/migracao.redenoticia.com.br\/noticia\/wp-json\/wp\/v2\/comments?post=85743"}],"version-history":[{"count":0,"href":"https:\/\/migracao.redenoticia.com.br\/noticia\/wp-json\/wp\/v2\/posts\/85743\/revisions"}],"wp:featuredmedia":[{"embeddable":true,"href":"https:\/\/migracao.redenoticia.com.br\/noticia\/wp-json\/wp\/v2\/media\/57585"}],"wp:attachment":[{"href":"https:\/\/migracao.redenoticia.com.br\/noticia\/wp-json\/wp\/v2\/media?parent=85743"}],"wp:term":[{"taxonomy":"category","embeddable":true,"href":"https:\/\/migracao.redenoticia.com.br\/noticia\/wp-json\/wp\/v2\/categories?post=85743"},{"taxonomy":"post_tag","embeddable":true,"href":"https:\/\/migracao.redenoticia.com.br\/noticia\/wp-json\/wp\/v2\/tags?post=85743"}],"curies":[{"name":"wp","href":"https:\/\/api.w.org\/{rel}","templated":true}]}}