{"id":85745,"date":"2016-05-06T10:19:27","date_gmt":"2016-05-06T13:19:27","guid":{"rendered":"http:\/\/www.redenoticia.com.br\/noticia\/?p=85745"},"modified":"2016-05-05T19:20:47","modified_gmt":"2016-05-05T22:20:47","slug":"venda-de-veiculos-tem-queda-de-quase-30-no-acumulado-ate-abril-diz-anfavea","status":"publish","type":"post","link":"https:\/\/migracao.redenoticia.com.br\/noticia\/2016\/venda-de-veiculos-tem-queda-de-quase-30-no-acumulado-ate-abril-diz-anfavea\/85745","title":{"rendered":"Venda de ve\u00edculos tem queda de quase 30% no acumulado at\u00e9 abril, diz Anfavea"},"content":{"rendered":"<p> As <strong><em>vendas de ve\u00edculos novos<\/em><\/strong> automotores, incluindo autom\u00f3veis, caminh\u00f5es, comerciais leves (como vans e furg\u00f5es) e \u00f4nibus, encerraram o per\u00edodo de janeiro a abril deste ano em baixa de 27,9%, com o total de 893,7 mil unidades comercializadas. Apenas no m\u00eas de abril, foram vendidos 162,9 mil ve\u00edculos, n\u00famero 9,1% menor do que o registrado em mar\u00e7o deste ano e 25,7% inferior ao resultado de abril de 2015.<\/p>\n<p>Os dados foram divulgados pela Associa\u00e7\u00e3o Nacional dos Fabricantes de Ve\u00edculos Automotores (Anfavea). O novo presidente da entidade, Antonio Megale, observou que, apesar desses recuos, o ritmo de queda nas vendas diminuiu. No come\u00e7o do ano, o percentual de retra\u00e7\u00e3o era de 38,8%.<\/p>\n<p>As montadoras instaladas no Brasil produziram em abril 169,8 mil ve\u00edculos, n\u00famero 13,6% abaixo do de mar\u00e7o e 22,9% inferior ao registrado em abril do ano passado. No acumulado desde janeiro, houve queda de 25,8%.<\/p>\n<p>De acordo com Megale, as empresas t\u00eam feito um esfor\u00e7o para manter os empregos, tanto que hoje t\u00eam 30% da for\u00e7a de trabalho em regime de flexibiliza\u00e7\u00e3o, sendo 6.044 postos em regime lay-off e 29,6 mil no Programa de Prote\u00e7\u00e3o ao Emprego (PPE). \u201c\u00c9 uma situa\u00e7\u00e3o preocupante e as empresas est\u00e3o demonstrando esfor\u00e7os para preservar os empregos\u201d, destacou.<\/p>\n<p>Em rela\u00e7\u00e3o a abril do ano passado, as vagas encolheram 8%, tendo hoje uma base 128.441 trabalhadores. Para ampliar as ofertas, \u00e9 necess\u00e1rio que o pa\u00eds volte a crescer, defendeu o presidente da Anfavea.<\/p>\n<p>Caminh\u00f5es<\/p>\n<p>O executivo apontou que, entre os segmentos que mais apresentaram queda nas vendas, est\u00e3o os caminh\u00f5es, com recuo de 13,2% de mar\u00e7o para abril e 31% no acumulado do ano. No entanto, Megale acredita em recupera\u00e7\u00e3o por meio das exporta\u00e7\u00f5es e tamb\u00e9m com a restaura\u00e7\u00e3o da confian\u00e7a do setor do agroneg\u00f3cio ap\u00f3s o an\u00fancio das condi\u00e7\u00f5es de financiamento da nova safra agr\u00edcola.<\/p>\n<p>As vendas internas de m\u00e1quinas agr\u00edcolas ca\u00edram 40,8% no quadrimestre. Em abril, houve redu\u00e7\u00e3o de 32,2% na compara\u00e7\u00e3o com o mesmo per\u00edodo do ano passado, mas, em rela\u00e7\u00e3o a mar\u00e7o, as vendas subiram 4,9%. Nas vendas externas, no entanto, esse segmento apresentou redu\u00e7\u00e3o de 44,5% sobre mar\u00e7o, de 39,7% sobre abril do ano passado e 23,3% no acumulado do ano.<\/p>\n<p>O presidente da Anfavea reconheceu que tem ocorrido uma participa\u00e7\u00e3o importante do governo no fechamento de neg\u00f3cios para aumentar as exporta\u00e7\u00f5es em geral. Segundo ele, entre os acordos bilaterais que surgem como alternativa para compensar as fracas vendas internas est\u00e3o os contratos feitos com o Uruguai, Peru, a Col\u00f4mbia e pa\u00edses africanos.<\/p>\n<p>Megale informou ainda que, na pr\u00f3xima divulga\u00e7\u00e3o sobre o desempenho do setor, dever\u00e1 anunciar novas proje\u00e7\u00f5es de produ\u00e7\u00e3o e vendas, o que n\u00e3o foi feito ainda por causa do momento pol\u00edtico. &#8220;Precisamos esperar a estabiliza\u00e7\u00e3o do que vai ocorrer nas pr\u00f3ximas semanas e ver primeiro as formula\u00e7\u00f5es da pol\u00edtica macroecon\u00f4mica\u201d, disse.<\/p>\n<p>Marli Moreira &#8211; Rep\u00f3rter da Ag\u00eancia Brasil<br \/>\nEdi\u00e7\u00e3o: Juliana Andrade<br \/>\n06\/05\/2016<\/p>\n","protected":false},"excerpt":{"rendered":"<p>As vendas de ve\u00edculos novos automotores, incluindo autom\u00f3veis, caminh\u00f5es, comerciais leves (como vans e furg\u00f5es) e \u00f4nibus, encerraram o per\u00edodo de janeiro a abril deste ano em baixa de 27,9%, com o total de 893,7 mil unidades comercializadas. Apenas no m\u00eas de abril, foram vendidos 162,9 mil ve\u00edculos, n\u00famero 9,1% menor do que o registrado [&hellip;]<\/p>\n","protected":false},"author":2,"featured_media":38938,"comment_status":"open","ping_status":"closed","sticky":false,"template":"","format":"standard","meta":{"tdm_status":"","tdm_grid_status":"","footnotes":""},"categories":[22,7],"tags":[],"class_list":{"0":"post-85745","1":"post","2":"type-post","3":"status-publish","4":"format-standard","5":"has-post-thumbnail","7":"category-brasil","8":"category-economia"},"_links":{"self":[{"href":"https:\/\/migracao.redenoticia.com.br\/noticia\/wp-json\/wp\/v2\/posts\/85745","targetHints":{"allow":["GET"]}}],"collection":[{"href":"https:\/\/migracao.redenoticia.com.br\/noticia\/wp-json\/wp\/v2\/posts"}],"about":[{"href":"https:\/\/migracao.redenoticia.com.br\/noticia\/wp-json\/wp\/v2\/types\/post"}],"author":[{"embeddable":true,"href":"https:\/\/migracao.redenoticia.com.br\/noticia\/wp-json\/wp\/v2\/users\/2"}],"replies":[{"embeddable":true,"href":"https:\/\/migracao.redenoticia.com.br\/noticia\/wp-json\/wp\/v2\/comments?post=85745"}],"version-history":[{"count":0,"href":"https:\/\/migracao.redenoticia.com.br\/noticia\/wp-json\/wp\/v2\/posts\/85745\/revisions"}],"wp:featuredmedia":[{"embeddable":true,"href":"https:\/\/migracao.redenoticia.com.br\/noticia\/wp-json\/wp\/v2\/media\/38938"}],"wp:attachment":[{"href":"https:\/\/migracao.redenoticia.com.br\/noticia\/wp-json\/wp\/v2\/media?parent=85745"}],"wp:term":[{"taxonomy":"category","embeddable":true,"href":"https:\/\/migracao.redenoticia.com.br\/noticia\/wp-json\/wp\/v2\/categories?post=85745"},{"taxonomy":"post_tag","embeddable":true,"href":"https:\/\/migracao.redenoticia.com.br\/noticia\/wp-json\/wp\/v2\/tags?post=85745"}],"curies":[{"name":"wp","href":"https:\/\/api.w.org\/{rel}","templated":true}]}}