{"id":85747,"date":"2016-05-06T10:20:51","date_gmt":"2016-05-06T13:20:51","guid":{"rendered":"http:\/\/www.redenoticia.com.br\/noticia\/?p=85747"},"modified":"2016-05-05T19:21:53","modified_gmt":"2016-05-05T22:21:53","slug":"presentes-para-o-dia-das-maes-subiram-menos-que-a-inflacao-diz-fgv","status":"publish","type":"post","link":"https:\/\/migracao.redenoticia.com.br\/noticia\/2016\/presentes-para-o-dia-das-maes-subiram-menos-que-a-inflacao-diz-fgv\/85747","title":{"rendered":"Presentes para o Dia das M\u00e3es subiram menos que a infla\u00e7\u00e3o, diz FGV"},"content":{"rendered":"<p> O pre\u00e7o dos presentes mais escolhidos para o Dia das M\u00e3es subiu, em m\u00e9dia, 6,39% este ano, abaixo da <strong><em>infla\u00e7\u00e3o<\/em><\/strong>, segundo pesquisa divulgada pelo Instituto Brasileiro de Economia da Funda\u00e7\u00e3o Getulio Vargas (Ibre-FGV). O levantamento considerou a infla\u00e7\u00e3o m\u00e9dia de 9,13% acumulada nos \u00faltimos 12 meses, medida pelo \u00cdndice de Pre\u00e7os ao Consumidor (IPC).<\/p>\n<p>As maiores altas em rela\u00e7\u00e3o a 2015 foram registradas nos pre\u00e7os de ingressos de teatro (34,48%), vinhos (25,97%) e passagens a\u00e9reas (20,43%).<\/p>\n<p>Na divis\u00e3o por grupos, os presentes culturais foram os que mais subiram, com pre\u00e7os 7,84% maiores que no ano passado; seguidos pelos chamados presentes executivos (para m\u00e3es que trabalham fora), que subiram 6,29%. O terceiro grupo, de itens relacionados ao conforto do lar, registrou aumento de 2,03% nos pre\u00e7os este ano.<\/p>\n<p>Segundo o economista e pesquisador do Ibre, Andr\u00e9 Braz, \u201cos itens que subiram mais s\u00e3o aqueles que cabem mais facilmente no bolso\u201d.<\/p>\n<p>\u201cPagar um ingresso de teatro, por mais que ele tenha ficado caro, n\u00e3o \u00e9 uma meta dif\u00edcil. A meta dif\u00edcil, muitas vezes, \u00e9 comprar um bem dur\u00e1vel, como uma m\u00e1quina de lavar, uma geladeira nova\u201d, analisou.<\/p>\n<p> Como os bens dur\u00e1veis costumam ser comprados em presta\u00e7\u00f5es, via financiamento, os presentes dessa categoria devem ser menos procurados este ano. Com a taxa de juros mais alta e o aumento do desemprego, compras em parcelas requerem mais planejamento, segundo o economista. \u201cMuita gente perdeu o emprego, a taxa de juros est\u00e1 alta. N\u00e3o \u00e9 por que subiu menos de pre\u00e7o que (esses itens) se tornam uma boa op\u00e7\u00e3o de presente\u201d. De acordo com a pesquisa da FGV, m\u00e1quinas de lavar roupa e geladeira e freezer apresentaram queda de 2,21% e 2,17%, respectivamente, no per\u00edodo de 12 meses.<\/p>\n<p>Alana Gandra &#8211; Rep\u00f3rter da Ag\u00eancia Brasil<br \/>\nEdi\u00e7\u00e3o: Luana Louren\u00e7o<br \/>\n06\/05\/2016<\/p>\n","protected":false},"excerpt":{"rendered":"<p>O pre\u00e7o dos presentes mais escolhidos para o Dia das M\u00e3es subiu, em m\u00e9dia, 6,39% este ano, abaixo da infla\u00e7\u00e3o, segundo pesquisa divulgada pelo Instituto Brasileiro de Economia da Funda\u00e7\u00e3o Getulio Vargas (Ibre-FGV). O levantamento considerou a infla\u00e7\u00e3o m\u00e9dia de 9,13% acumulada nos \u00faltimos 12 meses, medida pelo \u00cdndice de Pre\u00e7os ao Consumidor (IPC). As [&hellip;]<\/p>\n","protected":false},"author":2,"featured_media":34916,"comment_status":"open","ping_status":"closed","sticky":false,"template":"","format":"standard","meta":{"tdm_status":"","tdm_grid_status":"","footnotes":""},"categories":[22,7],"tags":[],"class_list":{"0":"post-85747","1":"post","2":"type-post","3":"status-publish","4":"format-standard","5":"has-post-thumbnail","7":"category-brasil","8":"category-economia"},"_links":{"self":[{"href":"https:\/\/migracao.redenoticia.com.br\/noticia\/wp-json\/wp\/v2\/posts\/85747","targetHints":{"allow":["GET"]}}],"collection":[{"href":"https:\/\/migracao.redenoticia.com.br\/noticia\/wp-json\/wp\/v2\/posts"}],"about":[{"href":"https:\/\/migracao.redenoticia.com.br\/noticia\/wp-json\/wp\/v2\/types\/post"}],"author":[{"embeddable":true,"href":"https:\/\/migracao.redenoticia.com.br\/noticia\/wp-json\/wp\/v2\/users\/2"}],"replies":[{"embeddable":true,"href":"https:\/\/migracao.redenoticia.com.br\/noticia\/wp-json\/wp\/v2\/comments?post=85747"}],"version-history":[{"count":0,"href":"https:\/\/migracao.redenoticia.com.br\/noticia\/wp-json\/wp\/v2\/posts\/85747\/revisions"}],"wp:featuredmedia":[{"embeddable":true,"href":"https:\/\/migracao.redenoticia.com.br\/noticia\/wp-json\/wp\/v2\/media\/34916"}],"wp:attachment":[{"href":"https:\/\/migracao.redenoticia.com.br\/noticia\/wp-json\/wp\/v2\/media?parent=85747"}],"wp:term":[{"taxonomy":"category","embeddable":true,"href":"https:\/\/migracao.redenoticia.com.br\/noticia\/wp-json\/wp\/v2\/categories?post=85747"},{"taxonomy":"post_tag","embeddable":true,"href":"https:\/\/migracao.redenoticia.com.br\/noticia\/wp-json\/wp\/v2\/tags?post=85747"}],"curies":[{"name":"wp","href":"https:\/\/api.w.org\/{rel}","templated":true}]}}