{"id":85770,"date":"2016-05-06T15:32:34","date_gmt":"2016-05-06T18:32:34","guid":{"rendered":"http:\/\/www.redenoticia.com.br\/noticia\/?p=85770"},"modified":"2016-05-06T15:32:34","modified_gmt":"2016-05-06T18:32:34","slug":"novela-cuidado-com-o-anjo-resumo-0905-malu-recusa-flores-de-joao-miguel","status":"publish","type":"post","link":"https:\/\/migracao.redenoticia.com.br\/noticia\/2016\/novela-cuidado-com-o-anjo-resumo-0905-malu-recusa-flores-de-joao-miguel\/85770","title":{"rendered":"Novela \u201cCuidado com o Anjo\u201d resumo 09\/05: Mal\u00fa recusa flores de Jo\u00e3o Miguel"},"content":{"rendered":"<p> <img loading=\"lazy\" decoding=\"async\" src=\"https:\/\/migracao.redenoticia.com.br\/noticia\/imagens\/cuidado-com-o-anjo-novela-resumo-capitulo-sbt-episodio-150x112.jpg\" alt=\"cuidado com o anjo novela resumo capitulo sbt episodio\" width=\"150\" height=\"112\" class=\"alignleft size-thumbnail wp-image-82049\" srcset=\"https:\/\/migracao.redenoticia.com.br\/noticia\/imagens\/cuidado-com-o-anjo-novela-resumo-capitulo-sbt-episodio-150x112.jpg 150w, https:\/\/migracao.redenoticia.com.br\/noticia\/imagens\/cuidado-com-o-anjo-novela-resumo-capitulo-sbt-episodio-265x198.jpg 265w\" sizes=\"auto, (max-width: 150px) 100vw, 150px\" \/><strong><em>Novela \u201cCuidado com o Anjo\u201d resumo 09\/05<\/em><\/strong>: Mal\u00fa est\u00e1 confusa com os seus sentimentos e diz ao Dr. Cisneros que n\u00e3o confia nele, pois a faz se lembrar de Jo\u00e3o Miguel. Mais tarde, Ana J\u00falia entra no quarto de Mal\u00fa e solta mais um pouco de seu veneno. Ela diz que o Dr. Cisneros assedia todas as mulheres do hospital. Quando Jo\u00e3o Miguel leva flores a Mal\u00fa, ele se assusta com a rea\u00e7\u00e3o dela, que joga as flores e diz que n\u00e3o quer voltar a v\u00ea-lo.<\/p>\n<p>No capitulo 116(*), novela \u201cCuidado com o Anjo\u201d, segunda-feira, 09 de maio \u2013 Mal\u00fa diz ao &#8220;Dr. Cisneros&#8221; que n\u00e3o confia nele, pois a faz se lembrar de Jo\u00e3o Miguel. Ana J\u00falia aparece no hospital, Jo\u00e3o Miguel a expulsa do quarto de Mal\u00fa e ela amea\u00e7a contar que ele \u00e9 o Dr. Cisneros. <\/p>\n<p>Ana J\u00falia finge um desmaio nos bra\u00e7os de Jo\u00e3o Miguel, Cec\u00edlia interpreta mal a situa\u00e7\u00e3o e pro\u00edbe os dois de se aproximarem de sua filha. Cec\u00edlia pergunta a Mal\u00fa se est\u00e1 apaixonada pelo Dr. Cisneros. Ana J\u00falia consegue entrar no quarto de Mal\u00fa e diz que o Dr. Cisneros assedia todas as mulheres do hospital. <\/p>\n<p>Jo\u00e3o Miguel leva flores a Mal\u00fa e se assusta com a rea\u00e7\u00e3o dela, que joga as flores e diz que n\u00e3o quer voltar a v\u00ea-lo. Mal\u00fa comunica aos pais que n\u00e3o permitir\u00e1 que o Dr. Cisneros a opere por que n\u00e3o confia nele. Mal\u00fa recebe alta.<\/p>\n<p>(*) edi\u00e7\u00e3o do SBT, Novela \u201cCuidado com o Anjo\u201d, sujeito a altera\u00e7\u00e3o de data e conte\u00fado.<\/p>\n","protected":false},"excerpt":{"rendered":"<p>Novela \u201cCuidado com o Anjo\u201d resumo 09\/05: Mal\u00fa est\u00e1 confusa com os seus sentimentos e diz ao Dr. Cisneros que n\u00e3o confia nele, pois a faz se lembrar de Jo\u00e3o Miguel. Mais tarde, Ana J\u00falia entra no quarto de Mal\u00fa e solta mais um pouco de seu veneno. Ela diz que o Dr. Cisneros assedia [&hellip;]<\/p>\n","protected":false},"author":2,"featured_media":82049,"comment_status":"open","ping_status":"closed","sticky":false,"template":"","format":"standard","meta":{"tdm_status":"","tdm_grid_status":"","footnotes":""},"categories":[379,372,343],"tags":[441],"class_list":{"0":"post-85770","1":"post","2":"type-post","3":"status-publish","4":"format-standard","5":"has-post-thumbnail","7":"category-novelas","8":"category-sbt","9":"category-televisao","10":"tag-resumo-do-dia"},"_links":{"self":[{"href":"https:\/\/migracao.redenoticia.com.br\/noticia\/wp-json\/wp\/v2\/posts\/85770","targetHints":{"allow":["GET"]}}],"collection":[{"href":"https:\/\/migracao.redenoticia.com.br\/noticia\/wp-json\/wp\/v2\/posts"}],"about":[{"href":"https:\/\/migracao.redenoticia.com.br\/noticia\/wp-json\/wp\/v2\/types\/post"}],"author":[{"embeddable":true,"href":"https:\/\/migracao.redenoticia.com.br\/noticia\/wp-json\/wp\/v2\/users\/2"}],"replies":[{"embeddable":true,"href":"https:\/\/migracao.redenoticia.com.br\/noticia\/wp-json\/wp\/v2\/comments?post=85770"}],"version-history":[{"count":0,"href":"https:\/\/migracao.redenoticia.com.br\/noticia\/wp-json\/wp\/v2\/posts\/85770\/revisions"}],"wp:featuredmedia":[{"embeddable":true,"href":"https:\/\/migracao.redenoticia.com.br\/noticia\/wp-json\/wp\/v2\/media\/82049"}],"wp:attachment":[{"href":"https:\/\/migracao.redenoticia.com.br\/noticia\/wp-json\/wp\/v2\/media?parent=85770"}],"wp:term":[{"taxonomy":"category","embeddable":true,"href":"https:\/\/migracao.redenoticia.com.br\/noticia\/wp-json\/wp\/v2\/categories?post=85770"},{"taxonomy":"post_tag","embeddable":true,"href":"https:\/\/migracao.redenoticia.com.br\/noticia\/wp-json\/wp\/v2\/tags?post=85770"}],"curies":[{"name":"wp","href":"https:\/\/api.w.org\/{rel}","templated":true}]}}