{"id":85774,"date":"2016-05-06T18:20:30","date_gmt":"2016-05-06T21:20:30","guid":{"rendered":"http:\/\/www.redenoticia.com.br\/noticia\/?p=85774"},"modified":"2016-05-06T15:44:51","modified_gmt":"2016-05-06T18:44:51","slug":"novela-meu-coracao-e-teu-resumo-0905-isabela-pode-perder-seu-bebe","status":"publish","type":"post","link":"https:\/\/migracao.redenoticia.com.br\/noticia\/2016\/novela-meu-coracao-e-teu-resumo-0905-isabela-pode-perder-seu-bebe\/85774","title":{"rendered":"Novela \u201cMeu Cora\u00e7\u00e3o \u00e9 Teu\u201d resumo 09\/05: Isabela pode perder seu beb\u00ea"},"content":{"rendered":"<p> <img loading=\"lazy\" decoding=\"async\" src=\"https:\/\/migracao.redenoticia.com.br\/noticia\/imagens\/meu_coracao_e_teu_novela_resumo_sbt-150x112.jpg\" alt=\"meu_coracao_e_teu_novela_resumo_sbt\" width=\"150\" height=\"112\" class=\"alignleft size-thumbnail wp-image-82119\" srcset=\"https:\/\/migracao.redenoticia.com.br\/noticia\/imagens\/meu_coracao_e_teu_novela_resumo_sbt-150x112.jpg 150w, https:\/\/migracao.redenoticia.com.br\/noticia\/imagens\/meu_coracao_e_teu_novela_resumo_sbt-265x198.jpg 265w\" sizes=\"auto, (max-width: 150px) 100vw, 150px\" \/><strong><em>Novela \u201cMeu Cora\u00e7\u00e3o \u00e9 Teu\u201d resumo 09\/05<\/em><\/strong>: Isabela resolve fazer um teste para provar a paternidade de Fernando quanto a seu filho, e Yolanda pensa que esse teste pode colocar a vida do beb\u00ea da filha em perigo. Isabela tem um embate com Ana, o que a provoca uma dor muito forte no ventre, Ana se sente culpada e decide chamar Fernando. Isabela diz ao doutor que ele n\u00e3o diga a Fernando que fez uma prova de paternidade, e que apenas diga a Fernando que est\u00e1 no hospital pelo enfrentamento que teve com Ana. O Doutor diz a Isabela que ela pode perder seu beb\u00ea mas, se tomar os cuidados recomendados, n\u00e3o ter\u00e1 problemas. <\/p>\n<p>No cap\u00edtulo 051 (*), novela \u201cMeu Cora\u00e7\u00e3o \u00e9 Teu\u201d, segunda-feira, 09 de maio \u2013 Henrique espera ansiosamente o dia quem que arruinar\u00e1 Fernando. Diego leva flores a Ana e a diz que morrer\u00e1 lutando por ter seu amor. Leon, furioso, enfrenta Henrique, que o diz que Fanny ser\u00e1 dele. <\/p>\n<p>Fanny diz a seu pai que encontrou na sociologia algo que realmente a entusiasma, e que tomou a decis\u00e3o de estudar essa carreira. Isabela vai fazer um teste para provar a paternidade de Fernando quanto a seu filho, e Yolanda pensa que esse teste pode colocar a vida do beb\u00ea da filha em perigo. Isabela tem um embate com Ana, o que a provoca uma dor muito forte no ventre, Ana se sente culpada e decide chamar Fernando. <\/p>\n<p>Isabela diz ao doutor que ele n\u00e3o diga a Fernando que fez uma prova de paternidade, e que apenas diga a Fernando que est\u00e1 no hospital pelo enfrentamento que teve com Ana. Por sua parte, Ana diz a Fernando o que aconteceu, e quando v\u00e3o ver Isabela. Yolanda mente para Fernando, dizendo que Isabela est\u00e1 muito mal. O Doutor diz a Isabela que ela pode perder seu beb\u00ea, mas que se tomar os cuidados recomendados, n\u00e3o ter\u00e1 problemas. <\/p>\n<p>(*) edi\u00e7\u00e3o do SBT, Novela \u201cMeu Cora\u00e7\u00e3o \u00e9 Teu\u201d, sujeito a altera\u00e7\u00e3o de data e conte\u00fado.<\/p>\n","protected":false},"excerpt":{"rendered":"<p>Novela \u201cMeu Cora\u00e7\u00e3o \u00e9 Teu\u201d resumo 09\/05: Isabela resolve fazer um teste para provar a paternidade de Fernando quanto a seu filho, e Yolanda pensa que esse teste pode colocar a vida do beb\u00ea da filha em perigo. Isabela tem um embate com Ana, o que a provoca uma dor muito forte no ventre, Ana [&hellip;]<\/p>\n","protected":false},"author":2,"featured_media":82119,"comment_status":"open","ping_status":"closed","sticky":false,"template":"","format":"standard","meta":{"tdm_status":"","tdm_grid_status":"","footnotes":""},"categories":[379,372,343],"tags":[441],"class_list":{"0":"post-85774","1":"post","2":"type-post","3":"status-publish","4":"format-standard","5":"has-post-thumbnail","7":"category-novelas","8":"category-sbt","9":"category-televisao","10":"tag-resumo-do-dia"},"_links":{"self":[{"href":"https:\/\/migracao.redenoticia.com.br\/noticia\/wp-json\/wp\/v2\/posts\/85774","targetHints":{"allow":["GET"]}}],"collection":[{"href":"https:\/\/migracao.redenoticia.com.br\/noticia\/wp-json\/wp\/v2\/posts"}],"about":[{"href":"https:\/\/migracao.redenoticia.com.br\/noticia\/wp-json\/wp\/v2\/types\/post"}],"author":[{"embeddable":true,"href":"https:\/\/migracao.redenoticia.com.br\/noticia\/wp-json\/wp\/v2\/users\/2"}],"replies":[{"embeddable":true,"href":"https:\/\/migracao.redenoticia.com.br\/noticia\/wp-json\/wp\/v2\/comments?post=85774"}],"version-history":[{"count":0,"href":"https:\/\/migracao.redenoticia.com.br\/noticia\/wp-json\/wp\/v2\/posts\/85774\/revisions"}],"wp:featuredmedia":[{"embeddable":true,"href":"https:\/\/migracao.redenoticia.com.br\/noticia\/wp-json\/wp\/v2\/media\/82119"}],"wp:attachment":[{"href":"https:\/\/migracao.redenoticia.com.br\/noticia\/wp-json\/wp\/v2\/media?parent=85774"}],"wp:term":[{"taxonomy":"category","embeddable":true,"href":"https:\/\/migracao.redenoticia.com.br\/noticia\/wp-json\/wp\/v2\/categories?post=85774"},{"taxonomy":"post_tag","embeddable":true,"href":"https:\/\/migracao.redenoticia.com.br\/noticia\/wp-json\/wp\/v2\/tags?post=85774"}],"curies":[{"name":"wp","href":"https:\/\/api.w.org\/{rel}","templated":true}]}}