{"id":85781,"date":"2016-05-06T19:58:06","date_gmt":"2016-05-06T22:58:06","guid":{"rendered":"http:\/\/www.redenoticia.com.br\/noticia\/?p=85781"},"modified":"2016-05-06T15:59:32","modified_gmt":"2016-05-06T18:59:32","slug":"novela-sila-resumo-0705-bedar-incentiva-sila-a-ter-o-bebe","status":"publish","type":"post","link":"https:\/\/migracao.redenoticia.com.br\/noticia\/2016\/novela-sila-resumo-0705-bedar-incentiva-sila-a-ter-o-bebe\/85781","title":{"rendered":"Novela \u201cSila\u201d resumo 07\/05: Bedar incentiva Sila a ter o beb\u00ea"},"content":{"rendered":"<p> <img loading=\"lazy\" decoding=\"async\" class=\"alignleft size-thumbnail wp-image-83098\" src=\"https:\/\/migracao.redenoticia.com.br\/noticia\/imagens\/sila_band_novela_resumo_capitulo-150x112.jpg\" alt=\"sila_band_novela_resumo_capitulo\" width=\"150\" height=\"112\" srcset=\"https:\/\/migracao.redenoticia.com.br\/noticia\/imagens\/sila_band_novela_resumo_capitulo-150x112.jpg 150w, https:\/\/migracao.redenoticia.com.br\/noticia\/imagens\/sila_band_novela_resumo_capitulo-265x198.jpg 265w\" sizes=\"auto, (max-width: 150px) 100vw, 150px\" \/><strong><em> Novela \u201cSila\u201d resumo 07\/05<\/em><\/strong>: Sila faz um exame e constata que est\u00e1 gr\u00e1vida. Diante da situa\u00e7\u00e3o de perigo em que se encontra, ela esconde a gravidez dos amigos e familiares. Bedar n\u00e3o \u00e9 boba e descobre a gravidez de Sila. A jovem diz \u00e0 m\u00e3e que n\u00e3o pode ter o beb\u00ea. Bedar demonstra todo o seu amor e sabedoria, e incentiva Sila a ter o beb\u00ea. Sila vai ao m\u00e9dico mas, ao sair, v\u00ea Boran na rua com outra mulher. Sila pensa que Boran est\u00e1 envolvido com uma amante e sofre com isso.<\/p>\n<p>No capitulo 035(*), novela \u201cSila\u201d, s\u00e1bado, 07 de maio &#8211; Narin fica enciumada com o trabalho de Azad na companhia. Sila decide usar seu poder para destruir os neg\u00f3cios de Boran. Emre se recusa a ajudar Sila e amea\u00e7a pedir demiss\u00e3o. Dihan se envolve com a esposa de Burhan, tio de Sila.<\/p>\n<p>Bedar incentiva Sila a ter o beb\u00ea. Sila e Boran pensam um no outro. Sila vai \u00e0s compras com Narin e ela visita Azad vestida como uma mulher da cidade. Sila vai ao m\u00e9dico e, ao sair, v\u00ea Boran na rua com outra mulher. <\/p>\n<p>Boran e Sila ficam desnorteados ap\u00f3s o encontro na rua. Sila some e a fam\u00edlia toda se preocupa. Abay fica aflito, pois Boran tamb\u00e9m some. Sila pensa que Boran est\u00e1 envolvido com outra mulher e sofre com isso.<\/p>\n<p>(*) edi\u00e7\u00e3o da Band, Novela \u201cSila\u201d, sujeito a altera\u00e7\u00e3o de data e conte\u00fado. <\/p>\n","protected":false},"excerpt":{"rendered":"<p>Novela \u201cSila\u201d resumo 07\/05: Sila faz um exame e constata que est\u00e1 gr\u00e1vida. Diante da situa\u00e7\u00e3o de perigo em que se encontra, ela esconde a gravidez dos amigos e familiares. Bedar n\u00e3o \u00e9 boba e descobre a gravidez de Sila. A jovem diz \u00e0 m\u00e3e que n\u00e3o pode ter o beb\u00ea. Bedar demonstra todo o [&hellip;]<\/p>\n","protected":false},"author":2,"featured_media":83098,"comment_status":"open","ping_status":"closed","sticky":false,"template":"","format":"standard","meta":{"tdm_status":"","tdm_grid_status":"","footnotes":""},"categories":[390,379,343],"tags":[441],"class_list":{"0":"post-85781","1":"post","2":"type-post","3":"status-publish","4":"format-standard","5":"has-post-thumbnail","7":"category-band","8":"category-novelas","9":"category-televisao","10":"tag-resumo-do-dia"},"_links":{"self":[{"href":"https:\/\/migracao.redenoticia.com.br\/noticia\/wp-json\/wp\/v2\/posts\/85781","targetHints":{"allow":["GET"]}}],"collection":[{"href":"https:\/\/migracao.redenoticia.com.br\/noticia\/wp-json\/wp\/v2\/posts"}],"about":[{"href":"https:\/\/migracao.redenoticia.com.br\/noticia\/wp-json\/wp\/v2\/types\/post"}],"author":[{"embeddable":true,"href":"https:\/\/migracao.redenoticia.com.br\/noticia\/wp-json\/wp\/v2\/users\/2"}],"replies":[{"embeddable":true,"href":"https:\/\/migracao.redenoticia.com.br\/noticia\/wp-json\/wp\/v2\/comments?post=85781"}],"version-history":[{"count":0,"href":"https:\/\/migracao.redenoticia.com.br\/noticia\/wp-json\/wp\/v2\/posts\/85781\/revisions"}],"wp:featuredmedia":[{"embeddable":true,"href":"https:\/\/migracao.redenoticia.com.br\/noticia\/wp-json\/wp\/v2\/media\/83098"}],"wp:attachment":[{"href":"https:\/\/migracao.redenoticia.com.br\/noticia\/wp-json\/wp\/v2\/media?parent=85781"}],"wp:term":[{"taxonomy":"category","embeddable":true,"href":"https:\/\/migracao.redenoticia.com.br\/noticia\/wp-json\/wp\/v2\/categories?post=85781"},{"taxonomy":"post_tag","embeddable":true,"href":"https:\/\/migracao.redenoticia.com.br\/noticia\/wp-json\/wp\/v2\/tags?post=85781"}],"curies":[{"name":"wp","href":"https:\/\/api.w.org\/{rel}","templated":true}]}}