{"id":85796,"date":"2016-05-06T18:29:26","date_gmt":"2016-05-06T21:29:26","guid":{"rendered":"http:\/\/www.redenoticia.com.br\/noticia\/?p=85796"},"modified":"2016-05-06T16:31:28","modified_gmt":"2016-05-06T19:31:28","slug":"novela-eta-mundo-bom-resumo-0705-candinho-pede-sandra-em-namoro","status":"publish","type":"post","link":"https:\/\/migracao.redenoticia.com.br\/noticia\/2016\/novela-eta-mundo-bom-resumo-0705-candinho-pede-sandra-em-namoro\/85796","title":{"rendered":"Novela \u201cEta Mundo Bom\u201d resumo 07\/05: Candinho pede Sandra em namoro"},"content":{"rendered":"<p> <img loading=\"lazy\" decoding=\"async\" class=\"alignleft size-thumbnail wp-image-82131\" src=\"https:\/\/migracao.redenoticia.com.br\/noticia\/imagens\/eta_mundo_bom_globo_novela_resumo-150x112.jpg\" alt=\"eta_mundo_bom_globo_novela_resumo\" width=\"150\" height=\"112\" srcset=\"https:\/\/migracao.redenoticia.com.br\/noticia\/imagens\/eta_mundo_bom_globo_novela_resumo-150x112.jpg 150w, https:\/\/migracao.redenoticia.com.br\/noticia\/imagens\/eta_mundo_bom_globo_novela_resumo-265x198.jpg 265w\" sizes=\"auto, (max-width: 150px) 100vw, 150px\" \/><strong><em>Novela \u201cEta Mundo Bom\u201d resumo 07\/05<\/em><\/strong>: a gan\u00e2ncia de colocar a m\u00e3o na heran\u00e7a da tia, faz com que Sandra continue com o seu plano de envolver Candinho. Inocente, ele se deixa levar e d\u00e1 um beijo na mo\u00e7a. Sandra finge estar confusa com seus sentimentos, mas se diz surpresa com o beijo ao falar com sua tia. Depois, Anast\u00e1cia conversa com Candinho e aconselha o filho sobre a sobrinha. Mais tarde, Candinho pede Sandra em namoro.  <\/p>\n<p>No capitulo 096(*), novela \u201cEta Mundo Bom\u201d, s\u00e1bado, 07 de maio \u2013 Eponina explica seu desentendimento com Pancr\u00e1cio para Pandolfo, que se interessa pela mo\u00e7a. Cunegundes exige que Mafalda se afaste de Z\u00e9 dos Porcos. <\/p>\n<p>Pandolfo comemora uma descoberta sobre as terras da fazenda de Cunegundes. Gerusa se nega a beijar Os\u00f3rio por acreditar que o namorado mente sobre seu estado de sa\u00fade. Diana se muda para a casa de Severo. <\/p>\n<p>Anast\u00e1cia aconselha Candinho sobre Sandra. Candinho pede Sandra em namoro. Maria procura Filomena. Durante audi\u00eancia contra os filhos de Fragoso, Filomena confirma ao Juiz que est\u00e1 gr\u00e1vida.<\/p>\n<p>(*) edi\u00e7\u00e3o da Rede Globo, Novela \u201cEta Mundo Bom\u201d, sujeito a altera\u00e7\u00e3o de data e conte\u00fado.<\/p>\n","protected":false},"excerpt":{"rendered":"<p>Novela \u201cEta Mundo Bom\u201d resumo 07\/05: a gan\u00e2ncia de colocar a m\u00e3o na heran\u00e7a da tia, faz com que Sandra continue com o seu plano de envolver Candinho. Inocente, ele se deixa levar e d\u00e1 um beijo na mo\u00e7a. Sandra finge estar confusa com seus sentimentos, mas se diz surpresa com o beijo ao falar [&hellip;]<\/p>\n","protected":false},"author":2,"featured_media":82131,"comment_status":"open","ping_status":"closed","sticky":false,"template":"","format":"standard","meta":{"tdm_status":"","tdm_grid_status":"","footnotes":""},"categories":[379,375,343],"tags":[441],"class_list":{"0":"post-85796","1":"post","2":"type-post","3":"status-publish","4":"format-standard","5":"has-post-thumbnail","7":"category-novelas","8":"category-rede-globo","9":"category-televisao","10":"tag-resumo-do-dia"},"_links":{"self":[{"href":"https:\/\/migracao.redenoticia.com.br\/noticia\/wp-json\/wp\/v2\/posts\/85796","targetHints":{"allow":["GET"]}}],"collection":[{"href":"https:\/\/migracao.redenoticia.com.br\/noticia\/wp-json\/wp\/v2\/posts"}],"about":[{"href":"https:\/\/migracao.redenoticia.com.br\/noticia\/wp-json\/wp\/v2\/types\/post"}],"author":[{"embeddable":true,"href":"https:\/\/migracao.redenoticia.com.br\/noticia\/wp-json\/wp\/v2\/users\/2"}],"replies":[{"embeddable":true,"href":"https:\/\/migracao.redenoticia.com.br\/noticia\/wp-json\/wp\/v2\/comments?post=85796"}],"version-history":[{"count":0,"href":"https:\/\/migracao.redenoticia.com.br\/noticia\/wp-json\/wp\/v2\/posts\/85796\/revisions"}],"wp:featuredmedia":[{"embeddable":true,"href":"https:\/\/migracao.redenoticia.com.br\/noticia\/wp-json\/wp\/v2\/media\/82131"}],"wp:attachment":[{"href":"https:\/\/migracao.redenoticia.com.br\/noticia\/wp-json\/wp\/v2\/media?parent=85796"}],"wp:term":[{"taxonomy":"category","embeddable":true,"href":"https:\/\/migracao.redenoticia.com.br\/noticia\/wp-json\/wp\/v2\/categories?post=85796"},{"taxonomy":"post_tag","embeddable":true,"href":"https:\/\/migracao.redenoticia.com.br\/noticia\/wp-json\/wp\/v2\/tags?post=85796"}],"curies":[{"name":"wp","href":"https:\/\/api.w.org\/{rel}","templated":true}]}}