{"id":85800,"date":"2016-05-06T20:33:11","date_gmt":"2016-05-06T23:33:11","guid":{"rendered":"http:\/\/www.redenoticia.com.br\/noticia\/?p=85800"},"modified":"2016-05-06T16:35:25","modified_gmt":"2016-05-06T19:35:25","slug":"novela-velho-chico-resumo-0705-tereza-observa-santo","status":"publish","type":"post","link":"https:\/\/migracao.redenoticia.com.br\/noticia\/2016\/novela-velho-chico-resumo-0705-tereza-observa-santo\/85800","title":{"rendered":"Novela \u201cVelho Chico\u201d resumo 07\/05: Tereza observa Santo"},"content":{"rendered":"<p> <img loading=\"lazy\" decoding=\"async\" class=\"alignleft size-thumbnail wp-image-82169\" src=\"https:\/\/migracao.redenoticia.com.br\/noticia\/imagens\/velho_chico_novela_resumo_globo-150x112.jpg\" alt=\"velho_chico_novela_resumo_globo\" width=\"150\" height=\"112\" srcset=\"https:\/\/migracao.redenoticia.com.br\/noticia\/imagens\/velho_chico_novela_resumo_globo-150x112.jpg 150w, https:\/\/migracao.redenoticia.com.br\/noticia\/imagens\/velho_chico_novela_resumo_globo-265x198.jpg 265w\" sizes=\"auto, (max-width: 150px) 100vw, 150px\" \/><strong><em>Novela \u201cVelho Chico\u201d resumo 07\/05<\/em><\/strong>: chega o dia da cerim\u00f4nia de posse de Santo na cooperativa.  Ol\u00edvia e Chico Criatura temem a rea\u00e7\u00e3o do coronel Afr\u00e2nio, pois este n\u00e3o reconhece a posi\u00e7\u00e3o de l\u00edder de Santo. Tereza v\u00ea o momento em que Santo \u00e9 empossado na cooperativa. Santo faz um discurso emocionado em sua posse \u00e0 frente da cooperativa. <\/p>\n<p>No capitulo 048 (*), novela \u201cVelho Chico\u201d, s\u00e1bado, 07 de maio \u2013 Padre Ben\u00edcio incentiva Santo a lutar pela popula\u00e7\u00e3o. Afr\u00e2nio e Miguel se desentendem. Dalva alerta C\u00edcero sobre seu amor imposs\u00edvel por Tereza. <\/p>\n<p>Tereza reabre a capela da fazenda, contrariando Afr\u00e2nio. Iolanda aconselha Miguel sobre Afr\u00e2nio e pede ao marido que n\u00e3o repita com o neto os erros que cometeu com Martim. <\/p>\n<p>Ol\u00edvia e Chico Criatura temem a rea\u00e7\u00e3o de Afr\u00e2nio \u00e0 cerim\u00f4nia de posse de Santo na cooperativa. Iolanda faz uma visita misteriosa. Tereza v\u00ea o momento em que Santo \u00e9 empossado na cooperativa.<\/p>\n<p>(*) edi\u00e7\u00e3o da Rede Globo, Novela \u201cVelho Chico\u201d, sujeito a altera\u00e7\u00e3o de data e conte\u00fado. <\/p>\n<p>(*) edi\u00e7\u00e3o da Rede Globo, Novela \u201cVelho Chico\u201d, sujeito a altera\u00e7\u00e3o de data e conte\u00fado.<\/p>\n","protected":false},"excerpt":{"rendered":"<p>Novela \u201cVelho Chico\u201d resumo 07\/05: chega o dia da cerim\u00f4nia de posse de Santo na cooperativa. Ol\u00edvia e Chico Criatura temem a rea\u00e7\u00e3o do coronel Afr\u00e2nio, pois este n\u00e3o reconhece a posi\u00e7\u00e3o de l\u00edder de Santo. Tereza v\u00ea o momento em que Santo \u00e9 empossado na cooperativa. Santo faz um discurso emocionado em sua posse [&hellip;]<\/p>\n","protected":false},"author":2,"featured_media":82169,"comment_status":"open","ping_status":"closed","sticky":false,"template":"","format":"standard","meta":{"tdm_status":"","tdm_grid_status":"","footnotes":""},"categories":[379,375,343],"tags":[441],"class_list":{"0":"post-85800","1":"post","2":"type-post","3":"status-publish","4":"format-standard","5":"has-post-thumbnail","7":"category-novelas","8":"category-rede-globo","9":"category-televisao","10":"tag-resumo-do-dia"},"_links":{"self":[{"href":"https:\/\/migracao.redenoticia.com.br\/noticia\/wp-json\/wp\/v2\/posts\/85800","targetHints":{"allow":["GET"]}}],"collection":[{"href":"https:\/\/migracao.redenoticia.com.br\/noticia\/wp-json\/wp\/v2\/posts"}],"about":[{"href":"https:\/\/migracao.redenoticia.com.br\/noticia\/wp-json\/wp\/v2\/types\/post"}],"author":[{"embeddable":true,"href":"https:\/\/migracao.redenoticia.com.br\/noticia\/wp-json\/wp\/v2\/users\/2"}],"replies":[{"embeddable":true,"href":"https:\/\/migracao.redenoticia.com.br\/noticia\/wp-json\/wp\/v2\/comments?post=85800"}],"version-history":[{"count":0,"href":"https:\/\/migracao.redenoticia.com.br\/noticia\/wp-json\/wp\/v2\/posts\/85800\/revisions"}],"wp:featuredmedia":[{"embeddable":true,"href":"https:\/\/migracao.redenoticia.com.br\/noticia\/wp-json\/wp\/v2\/media\/82169"}],"wp:attachment":[{"href":"https:\/\/migracao.redenoticia.com.br\/noticia\/wp-json\/wp\/v2\/media?parent=85800"}],"wp:term":[{"taxonomy":"category","embeddable":true,"href":"https:\/\/migracao.redenoticia.com.br\/noticia\/wp-json\/wp\/v2\/categories?post=85800"},{"taxonomy":"post_tag","embeddable":true,"href":"https:\/\/migracao.redenoticia.com.br\/noticia\/wp-json\/wp\/v2\/tags?post=85800"}],"curies":[{"name":"wp","href":"https:\/\/api.w.org\/{rel}","templated":true}]}}