{"id":85802,"date":"2016-05-07T20:35:32","date_gmt":"2016-05-07T23:35:32","guid":{"rendered":"http:\/\/www.redenoticia.com.br\/noticia\/?p=85802"},"modified":"2016-05-06T16:41:41","modified_gmt":"2016-05-06T19:41:41","slug":"novela-velho-chico-resumo-0905-iolanda-da-aula-de-danca","status":"publish","type":"post","link":"https:\/\/migracao.redenoticia.com.br\/noticia\/2016\/novela-velho-chico-resumo-0905-iolanda-da-aula-de-danca\/85802","title":{"rendered":"Novela \u201cVelho Chico\u201d resumo 09\/05: Iolanda d\u00e1 aula de dan\u00e7a"},"content":{"rendered":"<p> <img loading=\"lazy\" decoding=\"async\" class=\"alignleft size-thumbnail wp-image-82169\" src=\"https:\/\/migracao.redenoticia.com.br\/noticia\/imagens\/velho_chico_novela_resumo_globo-150x112.jpg\" alt=\"velho_chico_novela_resumo_globo\" width=\"150\" height=\"112\" srcset=\"https:\/\/migracao.redenoticia.com.br\/noticia\/imagens\/velho_chico_novela_resumo_globo-150x112.jpg 150w, https:\/\/migracao.redenoticia.com.br\/noticia\/imagens\/velho_chico_novela_resumo_globo-265x198.jpg 265w\" sizes=\"auto, (max-width: 150px) 100vw, 150px\" \/><strong><em>Novela \u201cVelho Chico\u201d resumo 09\/05<\/em><\/strong>: Iolanda tem o costume de sair sem falar com Afr\u00e2nio. Desconfiado de que sua mulher est\u00e1 a aprontar alguma coisa que o prejudique, o coronel manda C\u00edcero segui-la. O capataz v\u00ea que Iolanda entra em uma casa onde s\u00f3 h\u00e1 idosos. Neste local, Iolanda volta ao tempo de sua juventude. Ela canta, d\u00e1 aulas de dan\u00e7a e passa parte do dia na companhia do pianista Amadeu. Agora, s\u00f3 resta saber o que o coronel Afr\u00e2nio vai achar dessa hist\u00f3ria.<\/p>\n<p>No capitulo 049 (*), novela \u201cVelho Chico\u201d, segunda-feira, 09 de maio \u2013  Santo faz um discurso emocionado em sua posse \u00e0 frente da cooperativa. Martim se instala no antigo quarto de Leonor. Tereza vai at\u00e9 a cooperativa para falar com Santo. Bento se oferece para levar Beatriz em casa. <\/p>\n<p>C\u00edcero descobre que Iolanda d\u00e1 aula de dan\u00e7a e passa parte do dia na companhia do pianista Amadeu. Luzia beija Santo para provocar Tereza. Bento pergunta se Beatriz n\u00e3o tem vontade de constituir uma fam\u00edlia. <\/p>\n<p>Encarna\u00e7\u00e3o desiste de contar a verdade para Miguel. Tereza confessa a Doninha que precisa deixar a fazenda para esquecer Santo.<\/p>\n<p>(*) edi\u00e7\u00e3o da Rede Globo, Novela \u201cVelho Chico\u201d, sujeito a altera\u00e7\u00e3o de data e conte\u00fado. <\/p>\n<p>(*) edi\u00e7\u00e3o da Rede Globo, Novela \u201cVelho Chico\u201d, sujeito a altera\u00e7\u00e3o de data e conte\u00fado.<\/p>\n","protected":false},"excerpt":{"rendered":"<p>Novela \u201cVelho Chico\u201d resumo 09\/05: Iolanda tem o costume de sair sem falar com Afr\u00e2nio. Desconfiado de que sua mulher est\u00e1 a aprontar alguma coisa que o prejudique, o coronel manda C\u00edcero segui-la. O capataz v\u00ea que Iolanda entra em uma casa onde s\u00f3 h\u00e1 idosos. Neste local, Iolanda volta ao tempo de sua juventude. [&hellip;]<\/p>\n","protected":false},"author":2,"featured_media":82169,"comment_status":"open","ping_status":"closed","sticky":false,"template":"","format":"standard","meta":{"tdm_status":"","tdm_grid_status":"","footnotes":""},"categories":[379,375,343],"tags":[441],"class_list":{"0":"post-85802","1":"post","2":"type-post","3":"status-publish","4":"format-standard","5":"has-post-thumbnail","7":"category-novelas","8":"category-rede-globo","9":"category-televisao","10":"tag-resumo-do-dia"},"_links":{"self":[{"href":"https:\/\/migracao.redenoticia.com.br\/noticia\/wp-json\/wp\/v2\/posts\/85802","targetHints":{"allow":["GET"]}}],"collection":[{"href":"https:\/\/migracao.redenoticia.com.br\/noticia\/wp-json\/wp\/v2\/posts"}],"about":[{"href":"https:\/\/migracao.redenoticia.com.br\/noticia\/wp-json\/wp\/v2\/types\/post"}],"author":[{"embeddable":true,"href":"https:\/\/migracao.redenoticia.com.br\/noticia\/wp-json\/wp\/v2\/users\/2"}],"replies":[{"embeddable":true,"href":"https:\/\/migracao.redenoticia.com.br\/noticia\/wp-json\/wp\/v2\/comments?post=85802"}],"version-history":[{"count":0,"href":"https:\/\/migracao.redenoticia.com.br\/noticia\/wp-json\/wp\/v2\/posts\/85802\/revisions"}],"wp:featuredmedia":[{"embeddable":true,"href":"https:\/\/migracao.redenoticia.com.br\/noticia\/wp-json\/wp\/v2\/media\/82169"}],"wp:attachment":[{"href":"https:\/\/migracao.redenoticia.com.br\/noticia\/wp-json\/wp\/v2\/media?parent=85802"}],"wp:term":[{"taxonomy":"category","embeddable":true,"href":"https:\/\/migracao.redenoticia.com.br\/noticia\/wp-json\/wp\/v2\/categories?post=85802"},{"taxonomy":"post_tag","embeddable":true,"href":"https:\/\/migracao.redenoticia.com.br\/noticia\/wp-json\/wp\/v2\/tags?post=85802"}],"curies":[{"name":"wp","href":"https:\/\/api.w.org\/{rel}","templated":true}]}}