{"id":85807,"date":"2016-05-07T18:25:50","date_gmt":"2016-05-07T21:25:50","guid":{"rendered":"http:\/\/www.redenoticia.com.br\/noticia\/?p=85807"},"modified":"2016-05-06T16:48:34","modified_gmt":"2016-05-06T19:48:34","slug":"novela-eta-mundo-bom-resumo-0905-filomena-perde-o-direito-a-heranca","status":"publish","type":"post","link":"https:\/\/migracao.redenoticia.com.br\/noticia\/2016\/novela-eta-mundo-bom-resumo-0905-filomena-perde-o-direito-a-heranca\/85807","title":{"rendered":"Novela \u201cEta Mundo Bom\u201d resumo 09\/05: Filomena perde o direito a heran\u00e7a"},"content":{"rendered":"<p> <img loading=\"lazy\" decoding=\"async\" class=\"alignleft size-thumbnail wp-image-82131\" src=\"https:\/\/migracao.redenoticia.com.br\/noticia\/imagens\/eta_mundo_bom_globo_novela_resumo-150x112.jpg\" alt=\"eta_mundo_bom_globo_novela_resumo\" width=\"150\" height=\"112\" srcset=\"https:\/\/migracao.redenoticia.com.br\/noticia\/imagens\/eta_mundo_bom_globo_novela_resumo-150x112.jpg 150w, https:\/\/migracao.redenoticia.com.br\/noticia\/imagens\/eta_mundo_bom_globo_novela_resumo-265x198.jpg 265w\" sizes=\"auto, (max-width: 150px) 100vw, 150px\" \/><strong><em>Novela \u201cEta Mundo Bom\u201d resumo 09\/05<\/em><\/strong>: chega o dia da audi\u00eancia contra os filhos de Fragoso e Filomena relata toda a sua hist\u00f3ria. Ela diz que o filho que espera n\u00e3o \u00e9 do comendador e N\u00e1dia fala que ela queria dar um golpe em seu pai. Filomena deixa claro que ele casou sabendo que esperava um filho de Candinho. Por sua sinceridade, Filomena perde o direito a heran\u00e7a. N\u00e1dia e Perseu permitem que Filomena e Clarice resgatem seus pertences, incluindo os presentes de Fragoso. Filomena procura o professor Pancr\u00e1cio e comenta que deseja voltar para a fazenda.<\/p>\n<p>No capitulo 097(*), novela \u201cEta Mundo Bom\u201d, segunda-feira, 09 de maio \u2013 Filomena revela que o beb\u00ea que espera n\u00e3o \u00e9 de Fragoso. N\u00e1dia e Perseu permitem que Filomena e Clarice resgatem seus pertences, incluindo os presentes de Fragoso \u00e0 ex-dan\u00e7arina. <\/p>\n<p>Candinho diz a Filomena que est\u00e1 namorando. Severo jura reerguer a loja e anuncia a Diana que os dois precisar\u00e3o economizar. Filomena comenta com Pancr\u00e1cio que deseja voltar para a fazenda. Gerusa pede que Os\u00f3rio se afaste dela por estar mentindo sobre sua sa\u00fade. <\/p>\n<p>Emma confessa interesse em Lauro. Narcisa faz insinua\u00e7\u00f5es contra Ilde. Maria fica satisfeita com o carinho de Celso por Aninha. Filomena diz a Cunegundes que n\u00e3o ter\u00e1 direito \u00e0 heran\u00e7a de Fragoso.<\/p>\n<p>(*) edi\u00e7\u00e3o da Rede Globo, Novela \u201cEta Mundo Bom\u201d, sujeito a altera\u00e7\u00e3o de data e conte\u00fado. <\/p>\n","protected":false},"excerpt":{"rendered":"<p>Novela \u201cEta Mundo Bom\u201d resumo 09\/05: chega o dia da audi\u00eancia contra os filhos de Fragoso e Filomena relata toda a sua hist\u00f3ria. Ela diz que o filho que espera n\u00e3o \u00e9 do comendador e N\u00e1dia fala que ela queria dar um golpe em seu pai. Filomena deixa claro que ele casou sabendo que esperava [&hellip;]<\/p>\n","protected":false},"author":2,"featured_media":82131,"comment_status":"open","ping_status":"closed","sticky":false,"template":"","format":"standard","meta":{"tdm_status":"","tdm_grid_status":"","footnotes":""},"categories":[379,375,343],"tags":[441],"class_list":{"0":"post-85807","1":"post","2":"type-post","3":"status-publish","4":"format-standard","5":"has-post-thumbnail","7":"category-novelas","8":"category-rede-globo","9":"category-televisao","10":"tag-resumo-do-dia"},"_links":{"self":[{"href":"https:\/\/migracao.redenoticia.com.br\/noticia\/wp-json\/wp\/v2\/posts\/85807","targetHints":{"allow":["GET"]}}],"collection":[{"href":"https:\/\/migracao.redenoticia.com.br\/noticia\/wp-json\/wp\/v2\/posts"}],"about":[{"href":"https:\/\/migracao.redenoticia.com.br\/noticia\/wp-json\/wp\/v2\/types\/post"}],"author":[{"embeddable":true,"href":"https:\/\/migracao.redenoticia.com.br\/noticia\/wp-json\/wp\/v2\/users\/2"}],"replies":[{"embeddable":true,"href":"https:\/\/migracao.redenoticia.com.br\/noticia\/wp-json\/wp\/v2\/comments?post=85807"}],"version-history":[{"count":0,"href":"https:\/\/migracao.redenoticia.com.br\/noticia\/wp-json\/wp\/v2\/posts\/85807\/revisions"}],"wp:featuredmedia":[{"embeddable":true,"href":"https:\/\/migracao.redenoticia.com.br\/noticia\/wp-json\/wp\/v2\/media\/82131"}],"wp:attachment":[{"href":"https:\/\/migracao.redenoticia.com.br\/noticia\/wp-json\/wp\/v2\/media?parent=85807"}],"wp:term":[{"taxonomy":"category","embeddable":true,"href":"https:\/\/migracao.redenoticia.com.br\/noticia\/wp-json\/wp\/v2\/categories?post=85807"},{"taxonomy":"post_tag","embeddable":true,"href":"https:\/\/migracao.redenoticia.com.br\/noticia\/wp-json\/wp\/v2\/tags?post=85807"}],"curies":[{"name":"wp","href":"https:\/\/api.w.org\/{rel}","templated":true}]}}