{"id":85832,"date":"2016-05-09T10:17:35","date_gmt":"2016-05-09T13:17:35","guid":{"rendered":"http:\/\/www.redenoticia.com.br\/noticia\/?p=85832"},"modified":"2016-05-06T20:19:03","modified_gmt":"2016-05-06T23:19:03","slug":"trinity-college-dublin-busca-cooperacao-cientifica-com-a-fapesp","status":"publish","type":"post","link":"https:\/\/migracao.redenoticia.com.br\/noticia\/2016\/trinity-college-dublin-busca-cooperacao-cientifica-com-a-fapesp\/85832","title":{"rendered":"Trinity College Dublin busca coopera\u00e7\u00e3o cient\u00edfica com a FAPESP"},"content":{"rendered":"<p> Ag\u00eancia FAPESP \u2013 Representantes do Trinity College da University of Dublin, na Irlanda, participaram de encontro na FAPESP em 29 de maio para discutir o est\u00edmulo \u00e0 <strong><em>coopera\u00e7\u00e3o cient\u00edfica<\/em><\/strong> entre pesquisadores da institui\u00e7\u00e3o e de institui\u00e7\u00f5es de pesquisa no Estado de S\u00e3o Paulo. Um acordo de coopera\u00e7\u00e3o entre as duas institui\u00e7\u00f5es e mecanismos para promover a intera\u00e7\u00e3o entre cientistas, como semin\u00e1rios internacionais, entraram na pauta da reuni\u00e3o.<\/p>\n<p>Chefiada pelo reitor Patrick Prendergast, a delega\u00e7\u00e3o irlandesa contou com Sharon Lennon, c\u00f4nsul-geral da Irlanda em S\u00e3o Paulo, Sin\u00e9ad Ryan, diretora de Internacionaliza\u00e7\u00e3o do Trinity College Dublin, Simon Williams, diretor da Trinity Foundation, Karen Mortell, gerente de Parcerias Internacionais, Antonio de Linares, agente regional da universidade para o Brasil, e os professores Luiz da Silva, Fabio Boylan, Mauro Ferreira, Kevin Kelly e Sarah O\u2019Brian, ligados, respectivamente, \u00e0s escolas de Engenharia, Ci\u00eancias Farmac\u00eauticas, F\u00edsica, Lingu\u00edstica e Ci\u00eancias da Comunica\u00e7\u00e3o.<\/p>\n<p>Os convidados foram recebidos por Jos\u00e9 Goldemberg, presidente da FAPESP, Carlos Eduardo Lins da Silva, consultor em Comunica\u00e7\u00e3o, e Roberto Marcondes Cesar Junior, membro da coordena\u00e7\u00e3o adjunta das \u00e1reas de Ci\u00eancias Exatas e Engenharia, coordenador do Programa Centros de Pesquisa, Inova\u00e7\u00e3o e Difus\u00e3o (CEPID) e membro da coordena\u00e7\u00e3o do Programa FAPESP de Pesquisa em eScience.<\/p>\n<p>\u201cConsidero que temos o dever de estimular a pesquisa e a inova\u00e7\u00e3o no Brasil como ingrediente essencial para o desenvolvimento\u201d, disse Goldemberg na abertura da reuni\u00e3o. \u201cA FAPESP mant\u00e9m hoje mais de 150 acordos internacionais de coopera\u00e7\u00e3o e temos os meios de ampliar o trabalho de coopera\u00e7\u00e3o com a Irlanda.\u201d<\/p>\n<p>Prendergast destacou a import\u00e2ncia da coopera\u00e7\u00e3o do Trinity College com o Brasil. \u201cMantemos intensa coopera\u00e7\u00e3o com mais de 80 institui\u00e7\u00f5es de pesquisa no Brasil, mas temos expectativa de aumentar ainda mais a colabora\u00e7\u00e3o com o pa\u00eds, criando novas oportunidades de colabora\u00e7\u00e3o em diferentes \u00e1reas do conhecimento\u201d, disse.<\/p>\n<p>Entre as institui\u00e7\u00f5es brasileiras referidas pelo reitor do Trinity College Dublin, est\u00e3o entre as 20 primeiras as Universidades de S\u00e3o Paulo (USP), Estadual Paulista (Unesp), Estadual de Campinas (Unicamp), as Federais do ABC (UFABC) e a de S\u00e3o Paulo (Unifesp). Em outros estados brasileiros, o Trinity mant\u00e9m coopera\u00e7\u00e3o com a Universidade Federal do Rio de Janeiro (UFRJ), a Universidade Federal Fluminense (UFF) e a Universidade Federal de Minas Gerais (UFMG), entre outras.<\/p>\n<p>De acordo com Sin\u00e9ad Ryan, essa colabora\u00e7\u00e3o tem ocorrido principalmente nas \u00e1reas de Farm\u00e1cia e Farmacologia, Oncologia, Qu\u00edmica Medicinal, F\u00edsica, Gen\u00e9tica e Neuroci\u00eancias, com maior impacto em Oncologia e Gen\u00e9tica. Mais de 20 artigos assinados em conjunto entre cientistas irlandeses e brasileiros foram publicados em 2014.<\/p>\n<p>Durante o encontro foi tamb\u00e9m levantada a possibilidade de envolver a participa\u00e7\u00e3o da Funda\u00e7\u00e3o de Ci\u00eancias da Irlanda (SFI, na sigla em ingl\u00eas), a ag\u00eancia nacional de fomento daquele pa\u00eds, no apoio a iniciativas de pesquisa entre pesquisadores de S\u00e3o Paulo e do Trinity College. Desde 2014, a FAPESP mant\u00e9m acordo com a SFI para coopera\u00e7\u00e3o cient\u00edfica, tecnol\u00f3gica e de inova\u00e7\u00e3o. A SFI mant\u00e9m tamb\u00e9m, desde 2015, acordo de coopera\u00e7\u00e3o com o Conselho Nacional das Funda\u00e7\u00f5es Estaduais de Amparo \u00e0 Pesquisa (Confap).<\/p>\n","protected":false},"excerpt":{"rendered":"<p>Ag\u00eancia FAPESP \u2013 Representantes do Trinity College da University of Dublin, na Irlanda, participaram de encontro na FAPESP em 29 de maio para discutir o est\u00edmulo \u00e0 coopera\u00e7\u00e3o cient\u00edfica entre pesquisadores da institui\u00e7\u00e3o e de institui\u00e7\u00f5es de pesquisa no Estado de S\u00e3o Paulo. Um acordo de coopera\u00e7\u00e3o entre as duas institui\u00e7\u00f5es e mecanismos para promover [&hellip;]<\/p>\n","protected":false},"author":2,"featured_media":36246,"comment_status":"open","ping_status":"closed","sticky":false,"template":"","format":"standard","meta":{"tdm_status":"","tdm_grid_status":"","footnotes":""},"categories":[22],"tags":[],"class_list":{"0":"post-85832","1":"post","2":"type-post","3":"status-publish","4":"format-standard","5":"has-post-thumbnail","7":"category-brasil"},"_links":{"self":[{"href":"https:\/\/migracao.redenoticia.com.br\/noticia\/wp-json\/wp\/v2\/posts\/85832","targetHints":{"allow":["GET"]}}],"collection":[{"href":"https:\/\/migracao.redenoticia.com.br\/noticia\/wp-json\/wp\/v2\/posts"}],"about":[{"href":"https:\/\/migracao.redenoticia.com.br\/noticia\/wp-json\/wp\/v2\/types\/post"}],"author":[{"embeddable":true,"href":"https:\/\/migracao.redenoticia.com.br\/noticia\/wp-json\/wp\/v2\/users\/2"}],"replies":[{"embeddable":true,"href":"https:\/\/migracao.redenoticia.com.br\/noticia\/wp-json\/wp\/v2\/comments?post=85832"}],"version-history":[{"count":0,"href":"https:\/\/migracao.redenoticia.com.br\/noticia\/wp-json\/wp\/v2\/posts\/85832\/revisions"}],"wp:featuredmedia":[{"embeddable":true,"href":"https:\/\/migracao.redenoticia.com.br\/noticia\/wp-json\/wp\/v2\/media\/36246"}],"wp:attachment":[{"href":"https:\/\/migracao.redenoticia.com.br\/noticia\/wp-json\/wp\/v2\/media?parent=85832"}],"wp:term":[{"taxonomy":"category","embeddable":true,"href":"https:\/\/migracao.redenoticia.com.br\/noticia\/wp-json\/wp\/v2\/categories?post=85832"},{"taxonomy":"post_tag","embeddable":true,"href":"https:\/\/migracao.redenoticia.com.br\/noticia\/wp-json\/wp\/v2\/tags?post=85832"}],"curies":[{"name":"wp","href":"https:\/\/api.w.org\/{rel}","templated":true}]}}