{"id":85890,"date":"2016-05-09T14:53:27","date_gmt":"2016-05-09T17:53:27","guid":{"rendered":"http:\/\/www.redenoticia.com.br\/noticia\/?p=85890"},"modified":"2016-05-09T14:53:27","modified_gmt":"2016-05-09T17:53:27","slug":"novela-cuidado-com-o-anjo-resumo-1005-cecilia-castiga-ana-julia","status":"publish","type":"post","link":"https:\/\/migracao.redenoticia.com.br\/noticia\/2016\/novela-cuidado-com-o-anjo-resumo-1005-cecilia-castiga-ana-julia\/85890","title":{"rendered":"Novela \u201cCuidado com o Anjo\u201d resumo 10\/05: Cec\u00edlia castiga Ana J\u00falia"},"content":{"rendered":"<p> <img loading=\"lazy\" decoding=\"async\" src=\"https:\/\/migracao.redenoticia.com.br\/noticia\/imagens\/cuidado-com-o-anjo-novela-resumo-capitulo-sbt-episodio-150x112.jpg\" alt=\"cuidado com o anjo novela resumo capitulo sbt episodio\" width=\"150\" height=\"112\" class=\"alignleft size-thumbnail wp-image-82049\" srcset=\"https:\/\/migracao.redenoticia.com.br\/noticia\/imagens\/cuidado-com-o-anjo-novela-resumo-capitulo-sbt-episodio-150x112.jpg 150w, https:\/\/migracao.redenoticia.com.br\/noticia\/imagens\/cuidado-com-o-anjo-novela-resumo-capitulo-sbt-episodio-265x198.jpg 265w\" sizes=\"auto, (max-width: 150px) 100vw, 150px\" \/><strong><em>Novela \u201cCuidado com o Anjo\u201d resumo 10\/05<\/em><\/strong>: por n\u00e3o aguentar o desprezo de Mal\u00fa, Jo\u00e3o Miguel se embriaga e Ana J\u00falia tenta lev\u00e1-lo para sua casa. Rosa e Daniel chegam procurando o m\u00e9dico e discutem com ela. Com a inten\u00e7\u00e3o de desacredit\u00e1-lo perante a fam\u00edlia, Amador grava toda a situa\u00e7\u00e3o e publica o v\u00eddeo na internet. Jo\u00e3o Miguel se desespera, pois se Mal\u00fa souber do v\u00eddeo a perder\u00e1 para sempre. Mais tarde, Cec\u00edlia pro\u00edbe a entrada de Ana J\u00falia em sua casa. Patr\u00edcio telefona para o m\u00e9dico e diz o que ele precisa fazer sobre Ana J\u00falia.<\/p>\n<p>No capitulo 117(*), novela \u201cCuidado com o Anjo\u201d, ter\u00e7a-feira, 10 de maio \u2013 Jo\u00e3o Miguel sofre com o desprezo de Mal\u00fa enquanto ela s\u00f3 pensa em seu filho. O rapaz se embriaga e Ana J\u00falia tenta lev\u00e1-lo para sua casa. Rosa e Daniel chegam procurando Jo\u00e3o Miguel discutem com Ana J\u00falia e Amador grava toda a situa\u00e7\u00e3o com a inten\u00e7\u00e3o de desacreditar a fam\u00edlia.  <\/p>\n<p>Candel\u00e1ria pergunta a Mal\u00fa o motivo de ela estar t\u00e3o triste. Amador publica o v\u00eddeo na internet. Jo\u00e3o Miguel se desespera, pois se Mal\u00fa souber do v\u00eddeo a perder\u00e1 para sempre. Candel\u00e1ria tenta desmascarar Ana J\u00falia diante de Mal\u00fa e seus pais perguntam se ela ama o \u201cDr. Cisneros\u201d. <\/p>\n<p>Jo\u00e3o Miguel \u00e9 aceito como m\u00e9dico na Associa\u00e7\u00e3o de Cegos e seu primeiro paciente \u00e9 Rafael. Cec\u00edlia pro\u00edbe a entrada de Ana J\u00falia em sua casa. Patr\u00edcio telefona para o m\u00e9dico e diz o que ele precisa fazer sobre Ana J\u00falia. Rafael diz a Jo\u00e3o Miguel que Mal\u00fa quer v\u00ea-lo.  <\/p>\n<p>(*) edi\u00e7\u00e3o do SBT, Novela \u201cCuidado com o Anjo\u201d, sujeito a altera\u00e7\u00e3o de data e conte\u00fado.<\/p>\n","protected":false},"excerpt":{"rendered":"<p>Novela \u201cCuidado com o Anjo\u201d resumo 10\/05: por n\u00e3o aguentar o desprezo de Mal\u00fa, Jo\u00e3o Miguel se embriaga e Ana J\u00falia tenta lev\u00e1-lo para sua casa. Rosa e Daniel chegam procurando o m\u00e9dico e discutem com ela. Com a inten\u00e7\u00e3o de desacredit\u00e1-lo perante a fam\u00edlia, Amador grava toda a situa\u00e7\u00e3o e publica o v\u00eddeo na [&hellip;]<\/p>\n","protected":false},"author":2,"featured_media":82049,"comment_status":"open","ping_status":"closed","sticky":false,"template":"","format":"standard","meta":{"tdm_status":"","tdm_grid_status":"","footnotes":""},"categories":[379,372,343],"tags":[441],"class_list":{"0":"post-85890","1":"post","2":"type-post","3":"status-publish","4":"format-standard","5":"has-post-thumbnail","7":"category-novelas","8":"category-sbt","9":"category-televisao","10":"tag-resumo-do-dia"},"_links":{"self":[{"href":"https:\/\/migracao.redenoticia.com.br\/noticia\/wp-json\/wp\/v2\/posts\/85890","targetHints":{"allow":["GET"]}}],"collection":[{"href":"https:\/\/migracao.redenoticia.com.br\/noticia\/wp-json\/wp\/v2\/posts"}],"about":[{"href":"https:\/\/migracao.redenoticia.com.br\/noticia\/wp-json\/wp\/v2\/types\/post"}],"author":[{"embeddable":true,"href":"https:\/\/migracao.redenoticia.com.br\/noticia\/wp-json\/wp\/v2\/users\/2"}],"replies":[{"embeddable":true,"href":"https:\/\/migracao.redenoticia.com.br\/noticia\/wp-json\/wp\/v2\/comments?post=85890"}],"version-history":[{"count":0,"href":"https:\/\/migracao.redenoticia.com.br\/noticia\/wp-json\/wp\/v2\/posts\/85890\/revisions"}],"wp:featuredmedia":[{"embeddable":true,"href":"https:\/\/migracao.redenoticia.com.br\/noticia\/wp-json\/wp\/v2\/media\/82049"}],"wp:attachment":[{"href":"https:\/\/migracao.redenoticia.com.br\/noticia\/wp-json\/wp\/v2\/media?parent=85890"}],"wp:term":[{"taxonomy":"category","embeddable":true,"href":"https:\/\/migracao.redenoticia.com.br\/noticia\/wp-json\/wp\/v2\/categories?post=85890"},{"taxonomy":"post_tag","embeddable":true,"href":"https:\/\/migracao.redenoticia.com.br\/noticia\/wp-json\/wp\/v2\/tags?post=85890"}],"curies":[{"name":"wp","href":"https:\/\/api.w.org\/{rel}","templated":true}]}}