{"id":85892,"date":"2016-05-09T14:54:49","date_gmt":"2016-05-09T17:54:49","guid":{"rendered":"http:\/\/www.redenoticia.com.br\/noticia\/?p=85892"},"modified":"2016-05-09T14:54:49","modified_gmt":"2016-05-09T17:54:49","slug":"novela-abismo-da-paixao-resumo-1005-carmen-falsifica-exame-de-dna","status":"publish","type":"post","link":"https:\/\/migracao.redenoticia.com.br\/noticia\/2016\/novela-abismo-da-paixao-resumo-1005-carmen-falsifica-exame-de-dna\/85892","title":{"rendered":"Novela \u201cAbismo da Paix\u00e3o\u201d resumo 10\/05: Carmen falsifica exame de DNA"},"content":{"rendered":"<p> <img loading=\"lazy\" decoding=\"async\" class=\"alignleft size-thumbnail wp-image-81978\" src=\"https:\/\/migracao.redenoticia.com.br\/noticia\/imagens\/abismo_de_paixao_sbt_resumo_novela-150x112.jpg\" alt=\"abismo_de_paixao_sbt_resumo_novela\" width=\"150\" height=\"112\" srcset=\"https:\/\/migracao.redenoticia.com.br\/noticia\/imagens\/abismo_de_paixao_sbt_resumo_novela-150x112.jpg 150w, https:\/\/migracao.redenoticia.com.br\/noticia\/imagens\/abismo_de_paixao_sbt_resumo_novela-265x198.jpg 265w\" sizes=\"auto, (max-width: 150px) 100vw, 150px\" \/><strong><em>Novela \u201cAbismo da Paix\u00e3o\u201d resumo 10\/05<\/em><\/strong>: Lucio pede a Augusto que o prometa que vai mudar sua atitude com Elisa, e deixe essa d\u00favida de que n\u00e3o \u00e9 o pai da garota. Augusto diz a Lucio que j\u00e1 realizou um exame de DNA. Lucio fica transtornado e diz a Augusto que n\u00e3o acredita que ele precise de um papel para saber que Elisa \u00e9 sua filha. Enquanto isso, Carmen, com a ajuda de Ramiro e Hor\u00e1cio consegue falsificar o exame de DNA. O Doutor Edmundo entrega a Augusto a prova de paternidade e o diz que assim que abrir o envelope, saber\u00e1 por fim se Elisa \u00e9 ou n\u00e3o sua filha.<\/p>\n<p>No cap\u00edtulo 032 (*), novela \u201cAbismo da Paix\u00e3o\u201d, ter\u00e7a-feira, 10 de maio \u2013 Dami\u00e3o exige a Flor\u00eancia que o diga o porqu\u00ea de ela ir ver Henrique, astuta, Flor\u00eancia responde que Henrique est\u00e1 muito triste pelo incidente que teve no trabalho, e acredita que Dami\u00e3o ir\u00e1 demiti-lo, e certamente Henrique queria pedir lhe que ela intercedesse por ele. Dami\u00e3o pede a Sabrina que diga a Henrique para ficar tranquilo, pois ele n\u00e3o ir\u00e1 demiti-lo. Dami\u00e3o procura Elisa e Carmen o diz que certamente ela saiu com Paulo. Flor\u00eancia diz a Paulo que Dami\u00e3o quase descobre que ela estava se encontrando com Henrique, Paulo diz a Flor\u00eancia que Henrique deve estar muito interessado nela, e ela deveria aproveitar a situa\u00e7\u00e3o para causar ci\u00fames em Dami\u00e3o. <\/p>\n<p>Lucio pede a Augusto que o prometa que ir\u00e1 mudar sua atitude com Elisa, e deixe essa d\u00favida de que n\u00e3o \u00e9 o pai da garota, Augusto diz a Lucio que j\u00e1 realizou um exame de DNA, Lucio transtornado diz a Augusto que n\u00e3o acredita que ele precise de um papel para saber que Elisa \u00e9 sua filha. Flor\u00eancia chama Henrique, e deixa claro que ama Dami\u00e3o, por\u00e9m eles podem ser bons amigos, e inclusive podem se ver de vez em quando. Paulo procura Elisa e Carmen o diz que Dami\u00e3o est\u00e1 muito interessado na sobrinha, que se ele n\u00e3o se esmerar na conquista rapidamente, Elisa acabar\u00e1 ficando com Dami\u00e3o. Elisa chega a seu quarto e se surpreende ao encontrar Paulo, furiosa, ela o expulsa do local, por\u00e9m antes de ir Paulo a beija, e justo neste momento entra Augusto, que furioso insulta a filha e a diz que ela \u00e9 igual sua m\u00e3e. <\/p>\n<p>Augusto, zangado, recrimina Carmen por n\u00e3o ter se dado conta do que estava ocorrendo em sua pr\u00f3pria casa, Carmen, hip\u00f3crita, diz que Elisa j\u00e1 n\u00e3o \u00e9 uma menina, e quem vai saber desde quando ela tem se encontrado com Paulo as escondidas, e em seu quarto. Carmen, com a ajuda de Ramiro e Hor\u00e1cio consegue falsificar o exame de DNA de Elisa e Augusto. O Doutor Edmundo entrega \u00e1 Augusto a prova de paternidade e o diz que assim que abrir o envelope, saber\u00e1 por fim se Elisa \u00e9 ou n\u00e3o sua filha.  <\/p>\n<p>(*) edi\u00e7\u00e3o do SBT, Novela \u201cAbismo da Paix\u00e3o\u201d, sujeito a altera\u00e7\u00e3o de data e conte\u00fado.<\/p>\n","protected":false},"excerpt":{"rendered":"<p>Novela \u201cAbismo da Paix\u00e3o\u201d resumo 10\/05: Lucio pede a Augusto que o prometa que vai mudar sua atitude com Elisa, e deixe essa d\u00favida de que n\u00e3o \u00e9 o pai da garota. Augusto diz a Lucio que j\u00e1 realizou um exame de DNA. Lucio fica transtornado e diz a Augusto que n\u00e3o acredita que ele [&hellip;]<\/p>\n","protected":false},"author":2,"featured_media":81978,"comment_status":"open","ping_status":"closed","sticky":false,"template":"","format":"standard","meta":{"tdm_status":"","tdm_grid_status":"","footnotes":""},"categories":[379,372,343],"tags":[441],"class_list":{"0":"post-85892","1":"post","2":"type-post","3":"status-publish","4":"format-standard","5":"has-post-thumbnail","7":"category-novelas","8":"category-sbt","9":"category-televisao","10":"tag-resumo-do-dia"},"_links":{"self":[{"href":"https:\/\/migracao.redenoticia.com.br\/noticia\/wp-json\/wp\/v2\/posts\/85892","targetHints":{"allow":["GET"]}}],"collection":[{"href":"https:\/\/migracao.redenoticia.com.br\/noticia\/wp-json\/wp\/v2\/posts"}],"about":[{"href":"https:\/\/migracao.redenoticia.com.br\/noticia\/wp-json\/wp\/v2\/types\/post"}],"author":[{"embeddable":true,"href":"https:\/\/migracao.redenoticia.com.br\/noticia\/wp-json\/wp\/v2\/users\/2"}],"replies":[{"embeddable":true,"href":"https:\/\/migracao.redenoticia.com.br\/noticia\/wp-json\/wp\/v2\/comments?post=85892"}],"version-history":[{"count":0,"href":"https:\/\/migracao.redenoticia.com.br\/noticia\/wp-json\/wp\/v2\/posts\/85892\/revisions"}],"wp:featuredmedia":[{"embeddable":true,"href":"https:\/\/migracao.redenoticia.com.br\/noticia\/wp-json\/wp\/v2\/media\/81978"}],"wp:attachment":[{"href":"https:\/\/migracao.redenoticia.com.br\/noticia\/wp-json\/wp\/v2\/media?parent=85892"}],"wp:term":[{"taxonomy":"category","embeddable":true,"href":"https:\/\/migracao.redenoticia.com.br\/noticia\/wp-json\/wp\/v2\/categories?post=85892"},{"taxonomy":"post_tag","embeddable":true,"href":"https:\/\/migracao.redenoticia.com.br\/noticia\/wp-json\/wp\/v2\/tags?post=85892"}],"curies":[{"name":"wp","href":"https:\/\/api.w.org\/{rel}","templated":true}]}}