{"id":85895,"date":"2016-05-09T17:55:10","date_gmt":"2016-05-09T20:55:10","guid":{"rendered":"http:\/\/www.redenoticia.com.br\/noticia\/?p=85895"},"modified":"2016-05-09T14:56:21","modified_gmt":"2016-05-09T17:56:21","slug":"novela-meu-coracao-e-teu-resumo-1005-fernando-fica-furioso-com-diego","status":"publish","type":"post","link":"https:\/\/migracao.redenoticia.com.br\/noticia\/2016\/novela-meu-coracao-e-teu-resumo-1005-fernando-fica-furioso-com-diego\/85895","title":{"rendered":"Novela \u201cMeu Cora\u00e7\u00e3o \u00e9 Teu\u201d resumo 10\/05: Fernando fica furioso com Diego"},"content":{"rendered":"<p> <img loading=\"lazy\" decoding=\"async\" src=\"https:\/\/migracao.redenoticia.com.br\/noticia\/imagens\/meu_coracao_e_teu_novela_resumo_sbt-150x112.jpg\" alt=\"meu_coracao_e_teu_novela_resumo_sbt\" width=\"150\" height=\"112\" class=\"alignleft size-thumbnail wp-image-82119\" srcset=\"https:\/\/migracao.redenoticia.com.br\/noticia\/imagens\/meu_coracao_e_teu_novela_resumo_sbt-150x112.jpg 150w, https:\/\/migracao.redenoticia.com.br\/noticia\/imagens\/meu_coracao_e_teu_novela_resumo_sbt-265x198.jpg 265w\" sizes=\"auto, (max-width: 150px) 100vw, 150px\" \/><strong><em>Novela \u201cMeu Cora\u00e7\u00e3o \u00e9 Teu\u201d resumo 10\/05<\/em><\/strong>: Fernando pro\u00edbe a entrada de Diego para ver Ana, pois ela est\u00e1 em hor\u00e1rio de trabalho, e o adverte que eles s\u00f3 poder\u00e3o se ver fora da mans\u00e3o. Diego diz a Fernando que ele precisa superar o fato de que Ana seja sua namorada. Depois, Fernando v\u00ea Ana com Diego e fica furioso. Os irm\u00e3os est\u00e3o a ponto de se enfrentarem a golpes, mas Ana consegue det\u00ea-los. Diego diz a Fernando que ele est\u00e1 morto de ci\u00fames.<\/p>\n<p>No cap\u00edtulo 052 (*), novela \u201cMeu Cora\u00e7\u00e3o \u00e9 Teu\u201d, ter\u00e7a-feira, 10 de maio \u2013 As crian\u00e7as descobrem que Ana perdeu seu viol\u00e3o e pretendem presente\u00e1-la com outro novo, mas como n\u00e3o tem dinheiro, o pedem a Fernando, que aceita na hora os dar o valor, para fazer Ana feliz. Helena fica com ci\u00fames, pois pela v\u00eddeo-chamada, v\u00ea Laura abra\u00e7ando Nando. <\/p>\n<p>Fanny enfrenta Henrique, e o diz que se voltar a se meter com Leon, se ver\u00e1 com ela. Fernando pro\u00edbe a entrada Diego para ver Ana, pois ela est\u00e1 em hor\u00e1rio de trabalho, e o adverte que eles s\u00f3 poder\u00e3o se ver fora da mans\u00e3o. Diego diz a Fernando que ele precisa superar o fato de que Ana seja sua namorada. Fernando v\u00ea Ana falando com Diego e fica furioso, eles est\u00e3o a ponto de se enfrentarem a golpes, mas Ana consegue det\u00ea-los. Diego diz a Fernando que tudo isso faz por estar morto de ci\u00fames. <\/p>\n<p>Henrique pede a Fernando que o acompanhe no hospital, pois n\u00e3o tem amigos e seu pai est\u00e1 morrendo. Quando Fernando abra\u00e7a Henrique, para consol\u00e1-lo, Henrique jura que caso seu pai morra, matar\u00e1 Fernando com suas pr\u00f3prias m\u00e3os.  <\/p>\n<p>(*) edi\u00e7\u00e3o do SBT, Novela \u201cMeu Cora\u00e7\u00e3o \u00e9 Teu\u201d, sujeito a altera\u00e7\u00e3o de data e conte\u00fado.<\/p>\n","protected":false},"excerpt":{"rendered":"<p>Novela \u201cMeu Cora\u00e7\u00e3o \u00e9 Teu\u201d resumo 10\/05: Fernando pro\u00edbe a entrada de Diego para ver Ana, pois ela est\u00e1 em hor\u00e1rio de trabalho, e o adverte que eles s\u00f3 poder\u00e3o se ver fora da mans\u00e3o. Diego diz a Fernando que ele precisa superar o fato de que Ana seja sua namorada. Depois, Fernando v\u00ea Ana [&hellip;]<\/p>\n","protected":false},"author":2,"featured_media":82119,"comment_status":"open","ping_status":"closed","sticky":false,"template":"","format":"standard","meta":{"tdm_status":"","tdm_grid_status":"","footnotes":""},"categories":[379,372,343],"tags":[441],"class_list":{"0":"post-85895","1":"post","2":"type-post","3":"status-publish","4":"format-standard","5":"has-post-thumbnail","7":"category-novelas","8":"category-sbt","9":"category-televisao","10":"tag-resumo-do-dia"},"_links":{"self":[{"href":"https:\/\/migracao.redenoticia.com.br\/noticia\/wp-json\/wp\/v2\/posts\/85895","targetHints":{"allow":["GET"]}}],"collection":[{"href":"https:\/\/migracao.redenoticia.com.br\/noticia\/wp-json\/wp\/v2\/posts"}],"about":[{"href":"https:\/\/migracao.redenoticia.com.br\/noticia\/wp-json\/wp\/v2\/types\/post"}],"author":[{"embeddable":true,"href":"https:\/\/migracao.redenoticia.com.br\/noticia\/wp-json\/wp\/v2\/users\/2"}],"replies":[{"embeddable":true,"href":"https:\/\/migracao.redenoticia.com.br\/noticia\/wp-json\/wp\/v2\/comments?post=85895"}],"version-history":[{"count":0,"href":"https:\/\/migracao.redenoticia.com.br\/noticia\/wp-json\/wp\/v2\/posts\/85895\/revisions"}],"wp:featuredmedia":[{"embeddable":true,"href":"https:\/\/migracao.redenoticia.com.br\/noticia\/wp-json\/wp\/v2\/media\/82119"}],"wp:attachment":[{"href":"https:\/\/migracao.redenoticia.com.br\/noticia\/wp-json\/wp\/v2\/media?parent=85895"}],"wp:term":[{"taxonomy":"category","embeddable":true,"href":"https:\/\/migracao.redenoticia.com.br\/noticia\/wp-json\/wp\/v2\/categories?post=85895"},{"taxonomy":"post_tag","embeddable":true,"href":"https:\/\/migracao.redenoticia.com.br\/noticia\/wp-json\/wp\/v2\/tags?post=85895"}],"curies":[{"name":"wp","href":"https:\/\/api.w.org\/{rel}","templated":true}]}}