{"id":85898,"date":"2016-05-09T18:56:25","date_gmt":"2016-05-09T21:56:25","guid":{"rendered":"http:\/\/www.redenoticia.com.br\/noticia\/?p=85898"},"modified":"2016-05-09T14:57:51","modified_gmt":"2016-05-09T17:57:51","slug":"novela-cumplices-de-um-resgate-resumo-1005-omar-procura-seu-pai","status":"publish","type":"post","link":"https:\/\/migracao.redenoticia.com.br\/noticia\/2016\/novela-cumplices-de-um-resgate-resumo-1005-omar-procura-seu-pai\/85898","title":{"rendered":"Novela \u201cC\u00famplices de um Resgate\u201d resumo 10\/05: Omar procura seu pai"},"content":{"rendered":"<p> <img loading=\"lazy\" decoding=\"async\" src=\"https:\/\/migracao.redenoticia.com.br\/noticia\/imagens\/cumplices_de_um_resgate_sbt_novela_resumo-150x112.jpg\" alt=\"cumplices_de_um_resgate_sbt_novela_resumo\" width=\"150\" height=\"112\" class=\"alignleft size-thumbnail wp-image-71351\" srcset=\"https:\/\/migracao.redenoticia.com.br\/noticia\/imagens\/cumplices_de_um_resgate_sbt_novela_resumo-150x112.jpg 150w, https:\/\/migracao.redenoticia.com.br\/noticia\/imagens\/cumplices_de_um_resgate_sbt_novela_resumo-265x198.jpg 265w\" sizes=\"auto, (max-width: 150px) 100vw, 150px\" \/><strong><em>Novela \u201cC\u00famplices de um Resgate\u201d resumo 10\/05<\/em><\/strong>: Omar procura o pai e n\u00e3o o encontra. Ele chama Nair e Flora para saber do pai. As duas avisam que Joel viajou. Omar chega \u00e0 conclus\u00e3o que o pai fugiu para n\u00e3o ser preso e o abandonou no vilarejo. Omar se veste como o pai e diz que \u00e9 o novo dono do haras. O garoto usa um chicote para falar com Flora e Nair.<\/p>\n<p>No cap\u00edtulo 202(*), novela \u201cC\u00famplice de um Resgate\u201d, ter\u00e7a-feira, 10 de maio \u2013 Arthur pergunta para Geraldo sobre o que a pol\u00edcia queria com ele na gravadora. Geraldo inventa que n\u00e3o h\u00e1 nada a ver com a gravadora. Regina chega no restaurante e evita que Manuela conte a verdade para Raul. A megera revela que foi ela quem riscou o pr\u00f3prio carro para acusar Joaquim. <\/p>\n<p>Omar chama Nair e Flora para saber do pai. As duas avisam que Joel viajou. Omar chega \u00e0 conclus\u00e3o que o pai fugiu para n\u00e3o ser preso e o abandonou no vilarejo. Priscila quer sair da banda C1R. Omar se veste como o pai e diz que \u00e9 o novo dono do haras. <\/p>\n<p>O garoto usa um chicote para falar com Flora e Nair. Gemima (Gabriella Di Grecco) tira Flavia do projeto com as crian\u00e7as da igreja evang\u00e9lica sem avisar o pastor. Rebeca e Ot\u00e1vio seguem o passeio tur\u00edstico por Santos. Rebeca imagina estar dan\u00e7ando tango com o noivo. Sandro comemora que Laura est\u00e1 namorando com ele. Navarro e Vargas pensam em atrapalhar o romance dos dois. <\/p>\n<p>(*) edi\u00e7\u00e3o do SBT, Novela \u201cC\u00famplices de um Resgate\u201d, sujeito a altera\u00e7\u00e3o de data e conte\u00fado.<\/p>\n","protected":false},"excerpt":{"rendered":"<p>Novela \u201cC\u00famplices de um Resgate\u201d resumo 10\/05: Omar procura o pai e n\u00e3o o encontra. Ele chama Nair e Flora para saber do pai. As duas avisam que Joel viajou. Omar chega \u00e0 conclus\u00e3o que o pai fugiu para n\u00e3o ser preso e o abandonou no vilarejo. Omar se veste como o pai e diz [&hellip;]<\/p>\n","protected":false},"author":2,"featured_media":71351,"comment_status":"open","ping_status":"closed","sticky":false,"template":"","format":"standard","meta":{"tdm_status":"","tdm_grid_status":"","footnotes":""},"categories":[379,372,343],"tags":[441],"class_list":{"0":"post-85898","1":"post","2":"type-post","3":"status-publish","4":"format-standard","5":"has-post-thumbnail","7":"category-novelas","8":"category-sbt","9":"category-televisao","10":"tag-resumo-do-dia"},"_links":{"self":[{"href":"https:\/\/migracao.redenoticia.com.br\/noticia\/wp-json\/wp\/v2\/posts\/85898","targetHints":{"allow":["GET"]}}],"collection":[{"href":"https:\/\/migracao.redenoticia.com.br\/noticia\/wp-json\/wp\/v2\/posts"}],"about":[{"href":"https:\/\/migracao.redenoticia.com.br\/noticia\/wp-json\/wp\/v2\/types\/post"}],"author":[{"embeddable":true,"href":"https:\/\/migracao.redenoticia.com.br\/noticia\/wp-json\/wp\/v2\/users\/2"}],"replies":[{"embeddable":true,"href":"https:\/\/migracao.redenoticia.com.br\/noticia\/wp-json\/wp\/v2\/comments?post=85898"}],"version-history":[{"count":0,"href":"https:\/\/migracao.redenoticia.com.br\/noticia\/wp-json\/wp\/v2\/posts\/85898\/revisions"}],"wp:featuredmedia":[{"embeddable":true,"href":"https:\/\/migracao.redenoticia.com.br\/noticia\/wp-json\/wp\/v2\/media\/71351"}],"wp:attachment":[{"href":"https:\/\/migracao.redenoticia.com.br\/noticia\/wp-json\/wp\/v2\/media?parent=85898"}],"wp:term":[{"taxonomy":"category","embeddable":true,"href":"https:\/\/migracao.redenoticia.com.br\/noticia\/wp-json\/wp\/v2\/categories?post=85898"},{"taxonomy":"post_tag","embeddable":true,"href":"https:\/\/migracao.redenoticia.com.br\/noticia\/wp-json\/wp\/v2\/tags?post=85898"}],"curies":[{"name":"wp","href":"https:\/\/api.w.org\/{rel}","templated":true}]}}