{"id":85903,"date":"2016-05-09T19:59:13","date_gmt":"2016-05-09T22:59:13","guid":{"rendered":"http:\/\/www.redenoticia.com.br\/noticia\/?p=85903"},"modified":"2016-05-09T15:00:57","modified_gmt":"2016-05-09T18:00:57","slug":"novela-sila-resumo-1005-narin-defende-amor-de-boran-por-sila","status":"publish","type":"post","link":"https:\/\/migracao.redenoticia.com.br\/noticia\/2016\/novela-sila-resumo-1005-narin-defende-amor-de-boran-por-sila\/85903","title":{"rendered":"Novela \u201cSila\u201d resumo 10\/05: Narin defende amor de Boran por Sila"},"content":{"rendered":"<p> <img loading=\"lazy\" decoding=\"async\" class=\"alignleft size-thumbnail wp-image-83098\" src=\"https:\/\/migracao.redenoticia.com.br\/noticia\/imagens\/sila_band_novela_resumo_capitulo-150x112.jpg\" alt=\"sila_band_novela_resumo_capitulo\" width=\"150\" height=\"112\" srcset=\"https:\/\/migracao.redenoticia.com.br\/noticia\/imagens\/sila_band_novela_resumo_capitulo-150x112.jpg 150w, https:\/\/migracao.redenoticia.com.br\/noticia\/imagens\/sila_band_novela_resumo_capitulo-265x198.jpg 265w\" sizes=\"auto, (max-width: 150px) 100vw, 150px\" \/><strong><em> Novela \u201cSila\u201d resumo 10\/05<\/em><\/strong>: a m\u00e3e de Sila diz a Celil que sua filha est\u00e1 gr\u00e1vida. Ele comemora e acha que o beb\u00ea pode salv\u00e1-los, mas ningu\u00e9m desconfia que Sila foi at\u00e9 uma cl\u00ednica m\u00e9dica para fazer um aborto. Durante o preparo para o procedimento, Sila repensa sua decis\u00e3o. Quando o m\u00e9dico deixa a sala para se preparar, Sila deixa o local com a ajuda de uma enfermeira. Sila sai do local e encontra Boran com sua assistente. Narin v\u00ea o sofrimento da cunhada e tenta convencer Sila do amor de Boran.<\/p>\n<p>No capitulo 036(*), novela \u201cSila\u201d, ter\u00e7a-feira, 10 de maio &#8211; Boran e Sila ficam desnorteados ap\u00f3s o encontro na rua. Sila some e a fam\u00edlia toda se preocupa. Abay fica aflito, pois Boran tamb\u00e9m some. Sila pensa que Boran est\u00e1 envolvido com outra mulher e sofre com isso. <\/p>\n<p>Boran rasga todas as fotos de Sila. Narin tenta convencer Sila do amor de Boran. Gizem conta a Abay sobre o encontro de Sila e Boran. Bedar conta a Celil que Sila est\u00e1 gr\u00e1vida. Azad e a fam\u00edlia acreditam que o beb\u00ea pode salvar a vida de todos.<\/p>\n<p>Abay liga para Sila e combinam um encontro. Sila fica abalada ap\u00f3s conversar com Abay e pede ajuda a Emre. Boran descobre que Abay se encontrou com Sila e fica furioso. Celil sofre a press\u00e3o do cl\u00e3 para cumprir a tradi\u00e7\u00e3o.<\/p>\n<p>(*) edi\u00e7\u00e3o da Band, Novela \u201cSila\u201d, sujeito a altera\u00e7\u00e3o de data e conte\u00fado. <\/p>\n","protected":false},"excerpt":{"rendered":"<p>Novela \u201cSila\u201d resumo 10\/05: a m\u00e3e de Sila diz a Celil que sua filha est\u00e1 gr\u00e1vida. Ele comemora e acha que o beb\u00ea pode salv\u00e1-los, mas ningu\u00e9m desconfia que Sila foi at\u00e9 uma cl\u00ednica m\u00e9dica para fazer um aborto. Durante o preparo para o procedimento, Sila repensa sua decis\u00e3o. Quando o m\u00e9dico deixa a sala [&hellip;]<\/p>\n","protected":false},"author":2,"featured_media":83098,"comment_status":"open","ping_status":"closed","sticky":false,"template":"","format":"standard","meta":{"tdm_status":"","tdm_grid_status":"","footnotes":""},"categories":[390,379,343],"tags":[441],"class_list":{"0":"post-85903","1":"post","2":"type-post","3":"status-publish","4":"format-standard","5":"has-post-thumbnail","7":"category-band","8":"category-novelas","9":"category-televisao","10":"tag-resumo-do-dia"},"_links":{"self":[{"href":"https:\/\/migracao.redenoticia.com.br\/noticia\/wp-json\/wp\/v2\/posts\/85903","targetHints":{"allow":["GET"]}}],"collection":[{"href":"https:\/\/migracao.redenoticia.com.br\/noticia\/wp-json\/wp\/v2\/posts"}],"about":[{"href":"https:\/\/migracao.redenoticia.com.br\/noticia\/wp-json\/wp\/v2\/types\/post"}],"author":[{"embeddable":true,"href":"https:\/\/migracao.redenoticia.com.br\/noticia\/wp-json\/wp\/v2\/users\/2"}],"replies":[{"embeddable":true,"href":"https:\/\/migracao.redenoticia.com.br\/noticia\/wp-json\/wp\/v2\/comments?post=85903"}],"version-history":[{"count":0,"href":"https:\/\/migracao.redenoticia.com.br\/noticia\/wp-json\/wp\/v2\/posts\/85903\/revisions"}],"wp:featuredmedia":[{"embeddable":true,"href":"https:\/\/migracao.redenoticia.com.br\/noticia\/wp-json\/wp\/v2\/media\/83098"}],"wp:attachment":[{"href":"https:\/\/migracao.redenoticia.com.br\/noticia\/wp-json\/wp\/v2\/media?parent=85903"}],"wp:term":[{"taxonomy":"category","embeddable":true,"href":"https:\/\/migracao.redenoticia.com.br\/noticia\/wp-json\/wp\/v2\/categories?post=85903"},{"taxonomy":"post_tag","embeddable":true,"href":"https:\/\/migracao.redenoticia.com.br\/noticia\/wp-json\/wp\/v2\/tags?post=85903"}],"curies":[{"name":"wp","href":"https:\/\/api.w.org\/{rel}","templated":true}]}}