{"id":85916,"date":"2016-05-09T18:19:12","date_gmt":"2016-05-09T21:19:12","guid":{"rendered":"http:\/\/www.redenoticia.com.br\/noticia\/?p=85916"},"modified":"2016-05-09T15:20:23","modified_gmt":"2016-05-09T18:20:23","slug":"novela-eta-mundo-bom-resumo-1005-cunegundes-expulsa-filomena","status":"publish","type":"post","link":"https:\/\/migracao.redenoticia.com.br\/noticia\/2016\/novela-eta-mundo-bom-resumo-1005-cunegundes-expulsa-filomena\/85916","title":{"rendered":"Novela \u201cEta Mundo Bom\u201d resumo 10\/05: Cunegundes expulsa Filomena"},"content":{"rendered":"<p> <img loading=\"lazy\" decoding=\"async\" class=\"alignleft size-thumbnail wp-image-82131\" src=\"https:\/\/migracao.redenoticia.com.br\/noticia\/imagens\/eta_mundo_bom_globo_novela_resumo-150x112.jpg\" alt=\"eta_mundo_bom_globo_novela_resumo\" width=\"150\" height=\"112\" srcset=\"https:\/\/migracao.redenoticia.com.br\/noticia\/imagens\/eta_mundo_bom_globo_novela_resumo-150x112.jpg 150w, https:\/\/migracao.redenoticia.com.br\/noticia\/imagens\/eta_mundo_bom_globo_novela_resumo-265x198.jpg 265w\" sizes=\"auto, (max-width: 150px) 100vw, 150px\" \/><strong><em>Novela \u201cEta Mundo Bom\u201d resumo 10\/05<\/em><\/strong>: ao contar ao juiz que est\u00e1 gr\u00e1vida, que o filho \u00e9 de Candinho e n\u00e3o do comendador, Filomena perde o direito a heran\u00e7a e vai a fazenda em busca do apoio da m\u00e3e. Cunegundes acredita que a filha \u00e9 herdeira de Fragoso e a recebe muito bem. Filomena explica que seu casamento se realizou no Uruguai e no Brasil esta uni\u00e3o n\u00e3o tem valor, e assim, ela n\u00e3o tem direito a nada. A m\u00e3e d\u00e1 uma desculpa e a expulsa da fazenda. Filomena decide ir embora sem revelar que espera um filho de Candinho. Sem nenhum comprador em vista para a fazenda, In\u00e1cio e Josias pressionam Cunegundes e Quinzinho a deixarem a casa. Cunegundes anuncia que a fam\u00edlia vai se mudar para a casa de Anast\u00e1cia para tentar impedir que a fazenda seja leiloada.<\/p>\n<p>No capitulo 098(*), novela \u201cEta Mundo Bom\u201d, ter\u00e7a-feira, 10 de maio \u2013  Cunegundes expulsa Filomena e Clarice da fazenda. Severo cobra Diana que ela aprenda a cuidar da casa. <\/p>\n<p>Braz se revolta ao encontrar Diana com o livro de receitas de Ana. Ilde assusta Alice, e Candinho vai com a menina at\u00e9 a casa de Ara\u00fajo. Candinho sugere que Alice presenteie Cl\u00e1udio com um c\u00e3o. Anast\u00e1cia d\u00e1 um autom\u00f3vel a Candinho. Paulina contrata Filomena como faxineira do dancing. <\/p>\n<p>In\u00e1cio e Josias pressionam Cunegundes e Quinzinho a deixarem a casa. Cunegundes anuncia que a fam\u00edlia se mudar\u00e1 para a casa de Anast\u00e1cia.<\/p>\n<p>(*) edi\u00e7\u00e3o da Rede Globo, Novela \u201cEta Mundo Bom\u201d, sujeito a altera\u00e7\u00e3o de data e conte\u00fado.<\/p>\n","protected":false},"excerpt":{"rendered":"<p>Novela \u201cEta Mundo Bom\u201d resumo 10\/05: ao contar ao juiz que est\u00e1 gr\u00e1vida, que o filho \u00e9 de Candinho e n\u00e3o do comendador, Filomena perde o direito a heran\u00e7a e vai a fazenda em busca do apoio da m\u00e3e. Cunegundes acredita que a filha \u00e9 herdeira de Fragoso e a recebe muito bem. Filomena explica [&hellip;]<\/p>\n","protected":false},"author":2,"featured_media":82131,"comment_status":"open","ping_status":"closed","sticky":false,"template":"","format":"standard","meta":{"tdm_status":"","tdm_grid_status":"","footnotes":""},"categories":[379,375,343],"tags":[441],"class_list":{"0":"post-85916","1":"post","2":"type-post","3":"status-publish","4":"format-standard","5":"has-post-thumbnail","7":"category-novelas","8":"category-rede-globo","9":"category-televisao","10":"tag-resumo-do-dia"},"_links":{"self":[{"href":"https:\/\/migracao.redenoticia.com.br\/noticia\/wp-json\/wp\/v2\/posts\/85916","targetHints":{"allow":["GET"]}}],"collection":[{"href":"https:\/\/migracao.redenoticia.com.br\/noticia\/wp-json\/wp\/v2\/posts"}],"about":[{"href":"https:\/\/migracao.redenoticia.com.br\/noticia\/wp-json\/wp\/v2\/types\/post"}],"author":[{"embeddable":true,"href":"https:\/\/migracao.redenoticia.com.br\/noticia\/wp-json\/wp\/v2\/users\/2"}],"replies":[{"embeddable":true,"href":"https:\/\/migracao.redenoticia.com.br\/noticia\/wp-json\/wp\/v2\/comments?post=85916"}],"version-history":[{"count":0,"href":"https:\/\/migracao.redenoticia.com.br\/noticia\/wp-json\/wp\/v2\/posts\/85916\/revisions"}],"wp:featuredmedia":[{"embeddable":true,"href":"https:\/\/migracao.redenoticia.com.br\/noticia\/wp-json\/wp\/v2\/media\/82131"}],"wp:attachment":[{"href":"https:\/\/migracao.redenoticia.com.br\/noticia\/wp-json\/wp\/v2\/media?parent=85916"}],"wp:term":[{"taxonomy":"category","embeddable":true,"href":"https:\/\/migracao.redenoticia.com.br\/noticia\/wp-json\/wp\/v2\/categories?post=85916"},{"taxonomy":"post_tag","embeddable":true,"href":"https:\/\/migracao.redenoticia.com.br\/noticia\/wp-json\/wp\/v2\/tags?post=85916"}],"curies":[{"name":"wp","href":"https:\/\/api.w.org\/{rel}","templated":true}]}}