{"id":85920,"date":"2016-05-09T19:21:38","date_gmt":"2016-05-09T22:21:38","guid":{"rendered":"http:\/\/www.redenoticia.com.br\/noticia\/?p=85920"},"modified":"2016-05-09T15:22:47","modified_gmt":"2016-05-09T18:22:47","slug":"novela-velho-chico-resumo-1005-amadeu-se-encanta-por-iolanda","status":"publish","type":"post","link":"https:\/\/migracao.redenoticia.com.br\/noticia\/2016\/novela-velho-chico-resumo-1005-amadeu-se-encanta-por-iolanda\/85920","title":{"rendered":"Novela \u201cVelho Chico\u201d resumo 10\/05: Amadeu se encanta por Iolanda"},"content":{"rendered":"<p> <img loading=\"lazy\" decoding=\"async\" class=\"alignleft size-thumbnail wp-image-82169\" src=\"https:\/\/migracao.redenoticia.com.br\/noticia\/imagens\/velho_chico_novela_resumo_globo-150x112.jpg\" alt=\"velho_chico_novela_resumo_globo\" width=\"150\" height=\"112\" srcset=\"https:\/\/migracao.redenoticia.com.br\/noticia\/imagens\/velho_chico_novela_resumo_globo-150x112.jpg 150w, https:\/\/migracao.redenoticia.com.br\/noticia\/imagens\/velho_chico_novela_resumo_globo-265x198.jpg 265w\" sizes=\"auto, (max-width: 150px) 100vw, 150px\" \/><strong><em>Novela \u201cVelho Chico\u201d resumo 10\/05<\/em><\/strong>: devido as suas sa\u00eddas misteriosas, coronel Afr\u00e2nio manda C\u00edcero seguir Iolanda. C\u00edcero descobre que ela d\u00e1 aulas de canto e dan\u00e7a a idosos como volunt\u00e1ria no clube da cidade. At\u00e9 a\u00ed n\u00e3o h\u00e1 nenhum problema. O neg\u00f3cio \u00e9 que, agora, Iolanda conhece Amadeu, um pianista charmos\u00edssimo, que substitui o acompanhante que costumava tocar piano ao seu lado. Amadeu se encanta por ela. Num outro dia, ao chegar ao clube, Iolanda fica sabendo que Amadeu foi embora. Mais, tarde, Afr\u00e2nio e C\u00edcero conversam sobre o pianista.<\/p>\n<p>No capitulo 050 (*), novela \u201cVelho Chico\u201d, ter\u00e7a-feira, 10 de maio \u2013 Doninha revela a Tereza que Afr\u00e2nio n\u00e3o quis acolher a fam\u00edlia de Santo no passado. Bento fala de Beatriz para Luzia. Um homem se oferece para ajudar Martim e conta hist\u00f3rias sobre a fam\u00edlia de sua m\u00e3e Leonor. <\/p>\n<p>Afr\u00e2nio pro\u00edbe Miguel de conhecer as planta\u00e7\u00f5es da fazenda. Encarna\u00e7\u00e3o exige que a capela da fazenda seja aberta e Afr\u00e2nio fica furioso. Iolanda fica sabendo que Amadeu foi embora. <\/p>\n<p>Afr\u00e2nio e C\u00edcero conversam sobre Amadeu. Iolanda reclama para Doninha das brigas entre Afr\u00e2nio e Encarna\u00e7\u00e3o. Tereza e Santo se cruzam na estrada de terra.<\/p>\n<p>(*) edi\u00e7\u00e3o da Rede Globo, Novela \u201cVelho Chico\u201d, sujeito a altera\u00e7\u00e3o de data e conte\u00fado.<\/p>\n","protected":false},"excerpt":{"rendered":"<p>Novela \u201cVelho Chico\u201d resumo 10\/05: devido as suas sa\u00eddas misteriosas, coronel Afr\u00e2nio manda C\u00edcero seguir Iolanda. C\u00edcero descobre que ela d\u00e1 aulas de canto e dan\u00e7a a idosos como volunt\u00e1ria no clube da cidade. At\u00e9 a\u00ed n\u00e3o h\u00e1 nenhum problema. O neg\u00f3cio \u00e9 que, agora, Iolanda conhece Amadeu, um pianista charmos\u00edssimo, que substitui o acompanhante [&hellip;]<\/p>\n","protected":false},"author":2,"featured_media":82169,"comment_status":"open","ping_status":"closed","sticky":false,"template":"","format":"standard","meta":{"tdm_status":"","tdm_grid_status":"","footnotes":""},"categories":[379,375,343],"tags":[441],"class_list":{"0":"post-85920","1":"post","2":"type-post","3":"status-publish","4":"format-standard","5":"has-post-thumbnail","7":"category-novelas","8":"category-rede-globo","9":"category-televisao","10":"tag-resumo-do-dia"},"_links":{"self":[{"href":"https:\/\/migracao.redenoticia.com.br\/noticia\/wp-json\/wp\/v2\/posts\/85920","targetHints":{"allow":["GET"]}}],"collection":[{"href":"https:\/\/migracao.redenoticia.com.br\/noticia\/wp-json\/wp\/v2\/posts"}],"about":[{"href":"https:\/\/migracao.redenoticia.com.br\/noticia\/wp-json\/wp\/v2\/types\/post"}],"author":[{"embeddable":true,"href":"https:\/\/migracao.redenoticia.com.br\/noticia\/wp-json\/wp\/v2\/users\/2"}],"replies":[{"embeddable":true,"href":"https:\/\/migracao.redenoticia.com.br\/noticia\/wp-json\/wp\/v2\/comments?post=85920"}],"version-history":[{"count":0,"href":"https:\/\/migracao.redenoticia.com.br\/noticia\/wp-json\/wp\/v2\/posts\/85920\/revisions"}],"wp:featuredmedia":[{"embeddable":true,"href":"https:\/\/migracao.redenoticia.com.br\/noticia\/wp-json\/wp\/v2\/media\/82169"}],"wp:attachment":[{"href":"https:\/\/migracao.redenoticia.com.br\/noticia\/wp-json\/wp\/v2\/media?parent=85920"}],"wp:term":[{"taxonomy":"category","embeddable":true,"href":"https:\/\/migracao.redenoticia.com.br\/noticia\/wp-json\/wp\/v2\/categories?post=85920"},{"taxonomy":"post_tag","embeddable":true,"href":"https:\/\/migracao.redenoticia.com.br\/noticia\/wp-json\/wp\/v2\/tags?post=85920"}],"curies":[{"name":"wp","href":"https:\/\/api.w.org\/{rel}","templated":true}]}}