{"id":85973,"date":"2016-05-10T15:06:02","date_gmt":"2016-05-10T18:06:02","guid":{"rendered":"http:\/\/www.redenoticia.com.br\/noticia\/?p=85973"},"modified":"2016-05-10T15:06:02","modified_gmt":"2016-05-10T18:06:02","slug":"novela-cuidado-com-o-anjo-resumo-1105-malu-diz-que-esta-apaixonada","status":"publish","type":"post","link":"https:\/\/migracao.redenoticia.com.br\/noticia\/2016\/novela-cuidado-com-o-anjo-resumo-1105-malu-diz-que-esta-apaixonada\/85973","title":{"rendered":"Novela \u201cCuidado com o Anjo\u201d resumo 11\/05: Mal\u00fa diz que est\u00e1 apaixonada"},"content":{"rendered":"<p> <img loading=\"lazy\" decoding=\"async\" src=\"https:\/\/migracao.redenoticia.com.br\/noticia\/imagens\/cuidado-com-o-anjo-novela-resumo-capitulo-sbt-episodio-150x112.jpg\" alt=\"cuidado com o anjo novela resumo capitulo sbt episodio\" width=\"150\" height=\"112\" class=\"alignleft size-thumbnail wp-image-82049\" srcset=\"https:\/\/migracao.redenoticia.com.br\/noticia\/imagens\/cuidado-com-o-anjo-novela-resumo-capitulo-sbt-episodio-150x112.jpg 150w, https:\/\/migracao.redenoticia.com.br\/noticia\/imagens\/cuidado-com-o-anjo-novela-resumo-capitulo-sbt-episodio-265x198.jpg 265w\" sizes=\"auto, (max-width: 150px) 100vw, 150px\" \/><strong><em>Novela \u201cCuidado com o Anjo\u201d resumo 11\/05<\/em><\/strong>: Mal\u00fa comunica aos pais que j\u00e1 esqueceu o ex-marido e est\u00e1 apaixonada pelo m\u00e9dico. Cec\u00edlia e Patr\u00edcio temem por sua rea\u00e7\u00e3o quando descobrir a verdade. Jo\u00e3o Miguel informa a Mal\u00fa que j\u00e1 marcou sua cirurgia e pede a Israel que seja seu assistente. Preocupados com a rea\u00e7\u00e3o de Mal\u00fa, os pais pedem a ela que apague todas as m\u00e1goas de seu cora\u00e7\u00e3o antes da cirurgia, e nunca esque\u00e7a que eles a amam.<\/p>\n<p>No capitulo 118 (*), novela \u201cCuidado com o Anjo\u201d, quarta-feira, 11 de maio \u2013 Mal\u00fa e Jo\u00e3o Miguel se beijam. Rosa diz a Vicente que est\u00e1 apaixonada por Daniel e jamais duvidaria dele. Mal\u00fa confessa a Rafael que est\u00e1 apaixonada pelo Dr. Cisneros e que est\u00e1 convencida da trai\u00e7\u00e3o de Ana J\u00falia. Enquanto isso, Jo\u00e3o Miguel exige que Ana J\u00falia desapare\u00e7a de sua vida para sempre. <\/p>\n<p>Mal\u00fa comunica aos pais que j\u00e1 esqueceu o ex-marido e est\u00e1 apaixonada pelo m\u00e9dico. Cec\u00edlia e Patr\u00edcio temem por sua rea\u00e7\u00e3o quando descobrir a verdade. Jo\u00e3o Miguel n\u00e3o acredita quando Ana J\u00falia diz que espera um filho dele. Depois ela revela a Amador que ele \u00e9 o pai do filho que est\u00e1 esperando. <\/p>\n<p>Jo\u00e3o Miguel informa a Mal\u00fa que j\u00e1 marcou sua cirurgia e pede a Israel que seja seu assistente. Preocupados com a rea\u00e7\u00e3o de Mal\u00fa, os pais pedem a ela que apague todas as m\u00e1goas de seu cora\u00e7\u00e3o antes da cirurgia e nunca se esque\u00e7a que eles a amam. Ana J\u00falia amea\u00e7a contar a verdade para Mal\u00fa.  <\/p>\n<p>(*) edi\u00e7\u00e3o do SBT, Novela \u201cCuidado com o Anjo\u201d, sujeito a altera\u00e7\u00e3o de data e conte\u00fado.<\/p>\n","protected":false},"excerpt":{"rendered":"<p>Novela \u201cCuidado com o Anjo\u201d resumo 11\/05: Mal\u00fa comunica aos pais que j\u00e1 esqueceu o ex-marido e est\u00e1 apaixonada pelo m\u00e9dico. Cec\u00edlia e Patr\u00edcio temem por sua rea\u00e7\u00e3o quando descobrir a verdade. Jo\u00e3o Miguel informa a Mal\u00fa que j\u00e1 marcou sua cirurgia e pede a Israel que seja seu assistente. Preocupados com a rea\u00e7\u00e3o de [&hellip;]<\/p>\n","protected":false},"author":2,"featured_media":82049,"comment_status":"open","ping_status":"closed","sticky":false,"template":"","format":"standard","meta":{"tdm_status":"","tdm_grid_status":"","footnotes":""},"categories":[379,372,343],"tags":[441],"class_list":{"0":"post-85973","1":"post","2":"type-post","3":"status-publish","4":"format-standard","5":"has-post-thumbnail","7":"category-novelas","8":"category-sbt","9":"category-televisao","10":"tag-resumo-do-dia"},"_links":{"self":[{"href":"https:\/\/migracao.redenoticia.com.br\/noticia\/wp-json\/wp\/v2\/posts\/85973","targetHints":{"allow":["GET"]}}],"collection":[{"href":"https:\/\/migracao.redenoticia.com.br\/noticia\/wp-json\/wp\/v2\/posts"}],"about":[{"href":"https:\/\/migracao.redenoticia.com.br\/noticia\/wp-json\/wp\/v2\/types\/post"}],"author":[{"embeddable":true,"href":"https:\/\/migracao.redenoticia.com.br\/noticia\/wp-json\/wp\/v2\/users\/2"}],"replies":[{"embeddable":true,"href":"https:\/\/migracao.redenoticia.com.br\/noticia\/wp-json\/wp\/v2\/comments?post=85973"}],"version-history":[{"count":0,"href":"https:\/\/migracao.redenoticia.com.br\/noticia\/wp-json\/wp\/v2\/posts\/85973\/revisions"}],"wp:featuredmedia":[{"embeddable":true,"href":"https:\/\/migracao.redenoticia.com.br\/noticia\/wp-json\/wp\/v2\/media\/82049"}],"wp:attachment":[{"href":"https:\/\/migracao.redenoticia.com.br\/noticia\/wp-json\/wp\/v2\/media?parent=85973"}],"wp:term":[{"taxonomy":"category","embeddable":true,"href":"https:\/\/migracao.redenoticia.com.br\/noticia\/wp-json\/wp\/v2\/categories?post=85973"},{"taxonomy":"post_tag","embeddable":true,"href":"https:\/\/migracao.redenoticia.com.br\/noticia\/wp-json\/wp\/v2\/tags?post=85973"}],"curies":[{"name":"wp","href":"https:\/\/api.w.org\/{rel}","templated":true}]}}