{"id":85992,"date":"2016-05-10T19:33:23","date_gmt":"2016-05-10T22:33:23","guid":{"rendered":"http:\/\/www.redenoticia.com.br\/noticia\/?p=85992"},"modified":"2016-05-10T15:36:37","modified_gmt":"2016-05-10T18:36:37","slug":"novela-sila-resumo-1105-boran-discute-com-abay","status":"publish","type":"post","link":"https:\/\/migracao.redenoticia.com.br\/noticia\/2016\/novela-sila-resumo-1105-boran-discute-com-abay\/85992","title":{"rendered":"Novela \u201cSila\u201d resumo 11\/05: Boran discute com Abay"},"content":{"rendered":"<p> <img loading=\"lazy\" decoding=\"async\" class=\"alignleft size-thumbnail wp-image-83098\" src=\"https:\/\/migracao.redenoticia.com.br\/noticia\/imagens\/sila_band_novela_resumo_capitulo-150x112.jpg\" alt=\"sila_band_novela_resumo_capitulo\" width=\"150\" height=\"112\" srcset=\"https:\/\/migracao.redenoticia.com.br\/noticia\/imagens\/sila_band_novela_resumo_capitulo-150x112.jpg 150w, https:\/\/migracao.redenoticia.com.br\/noticia\/imagens\/sila_band_novela_resumo_capitulo-265x198.jpg 265w\" sizes=\"auto, (max-width: 150px) 100vw, 150px\" \/><strong><em> Novela \u201cSila\u201d resumo 11\/05<\/em><\/strong>: Abay est\u00e1 preocupado com o destino de Sila e decide conversar com a esposa de seu melhor amigo. Ele aproveita que Boran deixou o celular na mesa e pesquisa o n\u00famero do celular de Sila. Eles definem um local e se encontram. Sila fica abalada ap\u00f3s conversar com Abay e pede ajuda a Emre. Boran descobre que Abay se encontrou com Sila e fica furioso.<\/p>\n<p>No capitulo 038(*), novela \u201cSila\u201d, quarta-feira, 11 de maio &#8211; Sila pensa que Boran est\u00e1 envolvido com outra mulher e sofre com isso. Abay liga para Sila e combinam um encontro. Sila fica abalada ap\u00f3s conversar com Abay e pede ajuda a Emre. Boran descobre que Abay se encontrou com Sila e fica furioso. Celil sofre a press\u00e3o do cl\u00e3 para cumprir a tradi\u00e7\u00e3o.<\/p>\n<p>Boran descobre que Sila est\u00e1 gr\u00e1vida. Ele liga para Sila, mas ela desliga o celular. Boran tenta impedir Dihan de seguir as ordens do cl\u00e3 e amea\u00e7a mat\u00e1-lo. <\/p>\n<p>Boran invade a casa de Sila e \u00e9 baleado. Azad e Emre se desentendem. Ap\u00f3s perder muito sangue, Boran desmaia e \u00e9 socorrido por Abay e Gizem.<\/p>\n<p>(*) edi\u00e7\u00e3o da Band, Novela \u201cSila\u201d, sujeito a altera\u00e7\u00e3o de data e conte\u00fado.<\/p>\n","protected":false},"excerpt":{"rendered":"<p>Novela \u201cSila\u201d resumo 11\/05: Abay est\u00e1 preocupado com o destino de Sila e decide conversar com a esposa de seu melhor amigo. Ele aproveita que Boran deixou o celular na mesa e pesquisa o n\u00famero do celular de Sila. Eles definem um local e se encontram. Sila fica abalada ap\u00f3s conversar com Abay e pede [&hellip;]<\/p>\n","protected":false},"author":2,"featured_media":83098,"comment_status":"open","ping_status":"closed","sticky":false,"template":"","format":"standard","meta":{"tdm_status":"","tdm_grid_status":"","footnotes":""},"categories":[390,379,343],"tags":[441],"class_list":{"0":"post-85992","1":"post","2":"type-post","3":"status-publish","4":"format-standard","5":"has-post-thumbnail","7":"category-band","8":"category-novelas","9":"category-televisao","10":"tag-resumo-do-dia"},"_links":{"self":[{"href":"https:\/\/migracao.redenoticia.com.br\/noticia\/wp-json\/wp\/v2\/posts\/85992","targetHints":{"allow":["GET"]}}],"collection":[{"href":"https:\/\/migracao.redenoticia.com.br\/noticia\/wp-json\/wp\/v2\/posts"}],"about":[{"href":"https:\/\/migracao.redenoticia.com.br\/noticia\/wp-json\/wp\/v2\/types\/post"}],"author":[{"embeddable":true,"href":"https:\/\/migracao.redenoticia.com.br\/noticia\/wp-json\/wp\/v2\/users\/2"}],"replies":[{"embeddable":true,"href":"https:\/\/migracao.redenoticia.com.br\/noticia\/wp-json\/wp\/v2\/comments?post=85992"}],"version-history":[{"count":0,"href":"https:\/\/migracao.redenoticia.com.br\/noticia\/wp-json\/wp\/v2\/posts\/85992\/revisions"}],"wp:featuredmedia":[{"embeddable":true,"href":"https:\/\/migracao.redenoticia.com.br\/noticia\/wp-json\/wp\/v2\/media\/83098"}],"wp:attachment":[{"href":"https:\/\/migracao.redenoticia.com.br\/noticia\/wp-json\/wp\/v2\/media?parent=85992"}],"wp:term":[{"taxonomy":"category","embeddable":true,"href":"https:\/\/migracao.redenoticia.com.br\/noticia\/wp-json\/wp\/v2\/categories?post=85992"},{"taxonomy":"post_tag","embeddable":true,"href":"https:\/\/migracao.redenoticia.com.br\/noticia\/wp-json\/wp\/v2\/tags?post=85992"}],"curies":[{"name":"wp","href":"https:\/\/api.w.org\/{rel}","templated":true}]}}